{"id":321308,"date":"2024-02-05T14:35:07","date_gmt":"2024-02-05T11:35:07","guid":{"rendered":"https:\/\/sana.sy\/es\/?p=321308"},"modified":"2024-02-05T14:35:14","modified_gmt":"2024-02-05T11:35:14","slug":"tribus-sirias-condenan-agresion-estadounidense-y-ratifican-apoyo-al-ejercito-nacional","status":"publish","type":"post","link":"https:\/\/archive.sana.sy\/es\/?p=321308","title":{"rendered":"Tribus sirias condenan agresi\u00f3n estadounidense y ratifican apoyo al ej\u00e9rcito nacional"},"content":{"rendered":"<p style=\"text-align: justify;\"><span style=\"color: #800000;\"><strong>Hasakeh, 5 feb (SANA)<\/strong><\/span>\u00a0 \u00a0El Consejo de Notables de las Tribus y Clanes en la provincia nororiental siria de Hasakeh conden\u00f3 hoy la reciente agresi\u00f3n estadounidense contra Siria e Iraq, y reiter\u00f3 su apoyo al Ej\u00e9rcito \u00c1rabe Sirio en su lucha contra el terrorismo y sus patrocinadores.<\/p>\n<p style=\"text-align: justify;\">\u201cEsta traicionera agresi\u00f3n de Estados Unidos refleja el apoyo a la entidad sionista y su aliado el grupo terrorista Daesh (ISIS) que se refugia en bases estadounidenses y recibe de las tropas de Pent\u00e1gono todo tipo de apoyo militar y log\u00edstico para llevar a cabo actos terroristas contra el ej\u00e9rcito sirio y sus aliados que luchan contra el terrorismo que patrocinan Estados Unidos y otros pa\u00edses occidentales\u201d, afirm\u00f3 el Consejo por medio de un comunicado.<\/p>\n<p style=\"text-align: justify;\">Agreg\u00f3 que el ataque caus\u00f3 la muerte de varias personas y la destrucci\u00f3n de instalaciones de servicio, lo cual constituye un nuevo crimen que se agrega al historial negro de Estados Unidos en sus violaciones de las leyes y normas internacionales.<\/p>\n<p style=\"text-align: justify;\">El Consejo reiter\u00f3 su apoyo al ej\u00e9rcito sirio y la valiente resistencia en su guerra en curso contra el terrorismo y sus partidarios hasta que se libere todo el territorio sirio y se restablezcan la estabilidad en todas partes de la naci\u00f3n.<\/p>\n<p style=\"text-align: justify;\">El texto consider\u00f3 que esta agresi\u00f3n \u201cs\u00f3lo favorece el terrorismo y forma parte de los planes de Washington y sus aliados occidentales para revivir la organizaci\u00f3n terrorista Daesh y ofrecer un pretexto para la continuaci\u00f3n de la ocupaci\u00f3n estadounidense bajo el falso pretexto de luchar contra el terrorismo.<\/p>\n<p style=\"text-align: justify;\">Tambi\u00e9n, pretende desgastar el Estado sirio y a las fuerzas de resistencia y agotar sus capacidades al servicio de Israel y su brutal guerra en Gaza, concluy\u00f3 el Consejo su declaraci\u00f3n.<\/p>\n<p style=\"text-align: justify;\">fm\/ed<\/p>\n","protected":false},"excerpt":{"rendered":"<p>Hasakeh, 5 feb (SANA)\u00a0 \u00a0El Consejo de Notables de las Tribus y Clanes en la provincia nororiental siria de Hasakeh conden\u00f3 hoy la reciente agresi\u00f3n estadounidense contra Siria e Iraq, y reiter\u00f3 su apoyo al Ej\u00e9rcito \u00c1rabe Sirio en su lucha contra el terrorismo y sus patrocinadores. \u201cEsta traicionera agresi\u00f3n de Estados Unidos refleja el &hellip;<\/p>\n","protected":false},"author":32,"featured_media":321309,"comment_status":"closed","ping_status":"closed","sticky":false,"template":"","format":"standard","meta":{"footnotes":""},"categories":[477,447,597,20724,476,583],"tags":[],"class_list":["post-321308","post","type-post","status-publish","format-standard","has-post-thumbnail","","category-noticias-edulcorantes","category-local-politica","category-cinta-de-noticias","category-minuto-a-minuto","category-locales","category-slide"],"_links":{"self":[{"href":"https:\/\/archive.sana.sy\/es\/index.php?rest_route=\/wp\/v2\/posts\/321308"}],"collection":[{"href":"https:\/\/archive.sana.sy\/es\/index.php?rest_route=\/wp\/v2\/posts"}],"about":[{"href":"https:\/\/archive.sana.sy\/es\/index.php?rest_route=\/wp\/v2\/types\/post"}],"author":[{"embeddable":true,"href":"https:\/\/archive.sana.sy\/es\/index.php?rest_route=\/wp\/v2\/users\/32"}],"replies":[{"embeddable":true,"href":"https:\/\/archive.sana.sy\/es\/index.php?rest_route=%2Fwp%2Fv2%2Fcomments&post=321308"}],"version-history":[{"count":1,"href":"https:\/\/archive.sana.sy\/es\/index.php?rest_route=\/wp\/v2\/posts\/321308\/revisions"}],"predecessor-version":[{"id":321310,"href":"https:\/\/archive.sana.sy\/es\/index.php?rest_route=\/wp\/v2\/posts\/321308\/revisions\/321310"}],"wp:featuredmedia":[{"embeddable":true,"href":"https:\/\/archive.sana.sy\/es\/index.php?rest_route=\/wp\/v2\/media\/321309"}],"wp:attachment":[{"href":"https:\/\/archive.sana.sy\/es\/index.php?rest_route=%2Fwp%2Fv2%2Fmedia&parent=321308"}],"wp:term":[{"taxonomy":"category","embeddable":true,"href":"https:\/\/archive.sana.sy\/es\/index.php?rest_route=%2Fwp%2Fv2%2Fcategories&post=321308"},{"taxonomy":"post_tag","embeddable":true,"href":"https:\/\/archive.sana.sy\/es\/index.php?rest_route=%2Fwp%2Fv2%2Ftags&post=321308"}],"curies":[{"name":"wp","href":"https:\/\/api.w.org\/{rel}","templated":true}]}}