{"id":32131,"date":"2015-10-23T16:40:23","date_gmt":"2015-10-23T13:40:23","guid":{"rendered":"http:\/\/sana.sy\/es\/?p=32131"},"modified":"2015-10-23T17:00:43","modified_gmt":"2015-10-23T14:00:43","slug":"rusia-eeuu-turquia-y-arabia-saudi-discuten-sobre-crisis-en-siria","status":"publish","type":"post","link":"https:\/\/archive.sana.sy\/es\/?p=32131","title":{"rendered":"Rusia, EEUU, Turqu\u00eda y Arabia Saud\u00ed discuten sobre crisis en Siria"},"content":{"rendered":"<p style=\"text-align: justify\"><span style=\"color: #800000\">Viena, SANA<\/span>&#8211; Se inici\u00f3 en la capital austriaca esta tarde una reuni\u00f3n del Cuarteto para discutir la crisis en Siria, donde a la cual reuni\u00f3n se acudieron el ministro de Exteriores ruso, Sergei Lavrov, y su hom\u00f3logo estadounidense, John Kerry adem\u00e1s de los dos ministros de exteriores de Turqu\u00eda y Arabia Saudita.<\/p>\n<p style=\"text-align: justify\">La reuni\u00f3n fue precedida por la celebraci\u00f3n de unas reuniones bilaterales entre Kerry, Lavrov y el ministro de Relaciones Exteriores jordano , Nasser Judeh, donde Lavrov destac\u00f3 en declaraciones a los periodistas que es necesario sostener amplias conversaciones entre el gobierno sirio y todas las partes de la oposici\u00f3n siria.<\/p>\n<p style=\"text-align: justify\">Por su parte, el titular ruso anunci\u00f3 que los militares de Rusia y Jordania se acordaron a coordinar sus acciones militares a trav\u00e9s de un mecanismo establecido en Am\u00e1n, llamando a todas las partes interesadas en combatir el terrorismo para incorporase a este nuevo mecanismo.<\/p>\n<p style=\"text-align: justify\">A finales de septiembre, Rusia inici\u00f3 una operaci\u00f3n a\u00e9rea contra el EI y realiz\u00f3 hasta el momento 830 ataques contra los yihadistas, destruyendo puestos de mando, campos de formaci\u00f3n, arsenales, nudos de comunicaci\u00f3n y talleres de explosivos.<\/p>\n<p>M.Miri<\/p>\n","protected":false},"excerpt":{"rendered":"<p>Viena, SANA&#8211; Se inici\u00f3 en la capital austriaca esta tarde una reuni\u00f3n del Cuarteto para discutir la crisis en Siria, donde a la cual reuni\u00f3n se acudieron el ministro de Exteriores ruso, Sergei Lavrov, y su hom\u00f3logo estadounidense, John Kerry adem\u00e1s de los dos ministros de exteriores de Turqu\u00eda y Arabia Saudita. La reuni\u00f3n fue &hellip;<\/p>\n","protected":false},"author":1,"featured_media":32133,"comment_status":"closed","ping_status":"closed","sticky":false,"template":"","format":"standard","meta":{"footnotes":""},"categories":[597,456,457,576],"tags":[7132,6695,7153],"class_list":["post-32131","post","type-post","status-publish","format-standard","has-post-thumbnail","","category-cinta-de-noticias","category-arabe-internacional-politica","category-noticias-arabe-internacional-politica","category-noticias-politicas","tag-eeuu","tag-rusia","tag-turquia-y-arabia-saudi-discuten-sobre-crisis-en-siria"],"_links":{"self":[{"href":"https:\/\/archive.sana.sy\/es\/index.php?rest_route=\/wp\/v2\/posts\/32131"}],"collection":[{"href":"https:\/\/archive.sana.sy\/es\/index.php?rest_route=\/wp\/v2\/posts"}],"about":[{"href":"https:\/\/archive.sana.sy\/es\/index.php?rest_route=\/wp\/v2\/types\/post"}],"author":[{"embeddable":true,"href":"https:\/\/archive.sana.sy\/es\/index.php?rest_route=\/wp\/v2\/users\/1"}],"replies":[{"embeddable":true,"href":"https:\/\/archive.sana.sy\/es\/index.php?rest_route=%2Fwp%2Fv2%2Fcomments&post=32131"}],"version-history":[{"count":0,"href":"https:\/\/archive.sana.sy\/es\/index.php?rest_route=\/wp\/v2\/posts\/32131\/revisions"}],"wp:featuredmedia":[{"embeddable":true,"href":"https:\/\/archive.sana.sy\/es\/index.php?rest_route=\/wp\/v2\/media\/32133"}],"wp:attachment":[{"href":"https:\/\/archive.sana.sy\/es\/index.php?rest_route=%2Fwp%2Fv2%2Fmedia&parent=32131"}],"wp:term":[{"taxonomy":"category","embeddable":true,"href":"https:\/\/archive.sana.sy\/es\/index.php?rest_route=%2Fwp%2Fv2%2Fcategories&post=32131"},{"taxonomy":"post_tag","embeddable":true,"href":"https:\/\/archive.sana.sy\/es\/index.php?rest_route=%2Fwp%2Fv2%2Ftags&post=32131"}],"curies":[{"name":"wp","href":"https:\/\/api.w.org\/{rel}","templated":true}]}}