{"id":321311,"date":"2024-02-05T14:49:29","date_gmt":"2024-02-05T11:49:29","guid":{"rendered":"https:\/\/sana.sy\/es\/?p=321311"},"modified":"2024-02-05T14:49:29","modified_gmt":"2024-02-05T11:49:29","slug":"universidad-estadounidense-suspende-a-dos-profesores-por-su-oposicion-al-genocidio-en-gaza","status":"publish","type":"post","link":"https:\/\/archive.sana.sy\/es\/?p=321311","title":{"rendered":"Universidad estadounidense suspende a dos profesores por su oposici\u00f3n al genocidio en Gaza"},"content":{"rendered":"<p style=\"text-align: justify;\"><span style=\"color: #800000;\"><strong>Washington, 5 feb (SANA)<\/strong> <\/span>Las universidades estadounidenses siguen tomando medidas represivas contra estudiantes y profesores universitarios que denuncian los cr\u00edmenes del ocupante israel\u00ed en Gaza.<\/p>\n<p style=\"text-align: justify;\">En este sentido, la universidad de Nueva York suspendi\u00f3 la labor de dos profesores por expresar su oposici\u00f3n al genocidio israel\u00ed en Gaza respaldado por el propio Estados Unidos.<\/p>\n<p style=\"text-align: justify;\">El profesor de estudios individuales, Amin Husain, y el profesor de psicolog\u00eda Tomas Skiba, han sido acusados de violar las pol\u00edticas de la universidad tras hacer comentarios y publicaciones en redes sociales que denuncian el genocidio y el apoyo estadounidense al mismo, inform\u00f3 el sitio web estadounidense World Socialist.<\/p>\n<p style=\"text-align: justify;\">La Organizaci\u00f3n Internacional de Juventud y Estudiantes por la Igualdad Social en la Universidad de Nueva York denunci\u00f3 la medida tomada y la calific\u00f3 de una escalada contra las libertades y los derechos por los que abogan los trabajadores, estudiantes y j\u00f3venes de la Universidad de Nueva York.<\/p>\n<p style=\"text-align: justify;\">ed\/fm<\/p>\n","protected":false},"excerpt":{"rendered":"<p>Washington, 5 feb (SANA) Las universidades estadounidenses siguen tomando medidas represivas contra estudiantes y profesores universitarios que denuncian los cr\u00edmenes del ocupante israel\u00ed en Gaza. En este sentido, la universidad de Nueva York suspendi\u00f3 la labor de dos profesores por expresar su oposici\u00f3n al genocidio israel\u00ed en Gaza respaldado por el propio Estados Unidos. El &hellip;<\/p>\n","protected":false},"author":32,"featured_media":321312,"comment_status":"closed","ping_status":"closed","sticky":false,"template":"","format":"standard","meta":{"footnotes":""},"categories":[597,456,20724,7541],"tags":[],"class_list":["post-321311","post","type-post","status-publish","format-standard","has-post-thumbnail","","category-cinta-de-noticias","category-arabe-internacional-politica","category-minuto-a-minuto","category-ultimas-noticias"],"_links":{"self":[{"href":"https:\/\/archive.sana.sy\/es\/index.php?rest_route=\/wp\/v2\/posts\/321311"}],"collection":[{"href":"https:\/\/archive.sana.sy\/es\/index.php?rest_route=\/wp\/v2\/posts"}],"about":[{"href":"https:\/\/archive.sana.sy\/es\/index.php?rest_route=\/wp\/v2\/types\/post"}],"author":[{"embeddable":true,"href":"https:\/\/archive.sana.sy\/es\/index.php?rest_route=\/wp\/v2\/users\/32"}],"replies":[{"embeddable":true,"href":"https:\/\/archive.sana.sy\/es\/index.php?rest_route=%2Fwp%2Fv2%2Fcomments&post=321311"}],"version-history":[{"count":1,"href":"https:\/\/archive.sana.sy\/es\/index.php?rest_route=\/wp\/v2\/posts\/321311\/revisions"}],"predecessor-version":[{"id":321313,"href":"https:\/\/archive.sana.sy\/es\/index.php?rest_route=\/wp\/v2\/posts\/321311\/revisions\/321313"}],"wp:featuredmedia":[{"embeddable":true,"href":"https:\/\/archive.sana.sy\/es\/index.php?rest_route=\/wp\/v2\/media\/321312"}],"wp:attachment":[{"href":"https:\/\/archive.sana.sy\/es\/index.php?rest_route=%2Fwp%2Fv2%2Fmedia&parent=321311"}],"wp:term":[{"taxonomy":"category","embeddable":true,"href":"https:\/\/archive.sana.sy\/es\/index.php?rest_route=%2Fwp%2Fv2%2Fcategories&post=321311"},{"taxonomy":"post_tag","embeddable":true,"href":"https:\/\/archive.sana.sy\/es\/index.php?rest_route=%2Fwp%2Fv2%2Ftags&post=321311"}],"curies":[{"name":"wp","href":"https:\/\/api.w.org\/{rel}","templated":true}]}}