{"id":321319,"date":"2024-02-05T16:10:23","date_gmt":"2024-02-05T13:10:23","guid":{"rendered":"https:\/\/sana.sy\/es\/?p=321319"},"modified":"2024-02-05T16:10:23","modified_gmt":"2024-02-05T13:10:23","slug":"moscu-tacha-de-terrorismo-a-ataque-ucraniano-contra-una-panaderia-en-luhansk","status":"publish","type":"post","link":"https:\/\/archive.sana.sy\/es\/?p=321319","title":{"rendered":"Mosc\u00fa tacha de terrorismo a ataque ucraniano contra una panader\u00eda en Luhansk"},"content":{"rendered":"<p style=\"text-align: justify;\"><span style=\"color: #800000;\"><strong>Mosc\u00fa, 02 feb (SANA)<\/strong><\/span> El portavoz presidencial ruso Dmitry Peskov, afirm\u00f3 este lunes que el ataque llevado a cabo por fuerzas ucranianas contra una panader\u00eda en Lisichansk, al oeste de la Rep\u00fablica Popular de Luhansk, es un acto brutal de terrorismo.<\/p>\n<p style=\"text-align: justify;\">Subray\u00f3 que la operaci\u00f3n militar especial rusa seguir\u00e1 logrando sus objetivos.<\/p>\n<p style=\"text-align: justify;\">&#8220;No hay otra descripci\u00f3n para este acto que el de terrorista y los ataques en curso contra infraestructuras civiles y contra una panader\u00eda constituyen un acto brutal de terrorismo y el n\u00famero de v\u00edctimas civiles lo demuestra&#8221;, dijo el vocero citado por TASS.<\/p>\n<p style=\"text-align: justify;\">El 3 de febrero, al menos 28 personas perdieron la vida y 10 m\u00e1s resultaron heridas en el ataque lanzado por Ucrania a la ciudad de Lisichansk.<\/p>\n<p style=\"text-align: justify;\">ed\/fm<\/p>\n","protected":false},"excerpt":{"rendered":"<p>Mosc\u00fa, 02 feb (SANA) El portavoz presidencial ruso Dmitry Peskov, afirm\u00f3 este lunes que el ataque llevado a cabo por fuerzas ucranianas contra una panader\u00eda en Lisichansk, al oeste de la Rep\u00fablica Popular de Luhansk, es un acto brutal de terrorismo. Subray\u00f3 que la operaci\u00f3n militar especial rusa seguir\u00e1 logrando sus objetivos. &#8220;No hay otra &hellip;<\/p>\n","protected":false},"author":32,"featured_media":321320,"comment_status":"closed","ping_status":"closed","sticky":false,"template":"","format":"standard","meta":{"footnotes":""},"categories":[597,456,20724,7541],"tags":[],"class_list":["post-321319","post","type-post","status-publish","format-standard","has-post-thumbnail","","category-cinta-de-noticias","category-arabe-internacional-politica","category-minuto-a-minuto","category-ultimas-noticias"],"_links":{"self":[{"href":"https:\/\/archive.sana.sy\/es\/index.php?rest_route=\/wp\/v2\/posts\/321319"}],"collection":[{"href":"https:\/\/archive.sana.sy\/es\/index.php?rest_route=\/wp\/v2\/posts"}],"about":[{"href":"https:\/\/archive.sana.sy\/es\/index.php?rest_route=\/wp\/v2\/types\/post"}],"author":[{"embeddable":true,"href":"https:\/\/archive.sana.sy\/es\/index.php?rest_route=\/wp\/v2\/users\/32"}],"replies":[{"embeddable":true,"href":"https:\/\/archive.sana.sy\/es\/index.php?rest_route=%2Fwp%2Fv2%2Fcomments&post=321319"}],"version-history":[{"count":1,"href":"https:\/\/archive.sana.sy\/es\/index.php?rest_route=\/wp\/v2\/posts\/321319\/revisions"}],"predecessor-version":[{"id":321321,"href":"https:\/\/archive.sana.sy\/es\/index.php?rest_route=\/wp\/v2\/posts\/321319\/revisions\/321321"}],"wp:featuredmedia":[{"embeddable":true,"href":"https:\/\/archive.sana.sy\/es\/index.php?rest_route=\/wp\/v2\/media\/321320"}],"wp:attachment":[{"href":"https:\/\/archive.sana.sy\/es\/index.php?rest_route=%2Fwp%2Fv2%2Fmedia&parent=321319"}],"wp:term":[{"taxonomy":"category","embeddable":true,"href":"https:\/\/archive.sana.sy\/es\/index.php?rest_route=%2Fwp%2Fv2%2Fcategories&post=321319"},{"taxonomy":"post_tag","embeddable":true,"href":"https:\/\/archive.sana.sy\/es\/index.php?rest_route=%2Fwp%2Fv2%2Ftags&post=321319"}],"curies":[{"name":"wp","href":"https:\/\/api.w.org\/{rel}","templated":true}]}}