{"id":3214,"date":"2014-06-20T21:07:50","date_gmt":"2014-06-20T18:07:50","guid":{"rendered":"http:\/\/sanasyria.org\/es\/?p=3214"},"modified":"2014-06-20T21:07:50","modified_gmt":"2014-06-20T18:07:50","slug":"un-nino-herido-y-danos-materiales-a-causa-de-un-ataque-terrorista-por-mortero-en-harasta-en-damasco","status":"publish","type":"post","link":"https:\/\/archive.sana.sy\/es\/?p=3214","title":{"rendered":"Un ni\u00f1o herido y da\u00f1os materiales a causa de un ataque terrorista por mortero en Harasta en Damasco"},"content":{"rendered":"<p><span>Damasco, SANA<\/span><\/p>\n<p>Un ni\u00f1o fue herido por un proyectil de mortero lanzado por terroristas en Dahiat Harasta en Damasco.<\/p>\n<p>Una fuente del Comando de la Polic\u00eda dijo a SANA que el ataque caus\u00f3 lesiones a un ni\u00f1o y da\u00f1os materiales a unos seis coches, al caer entre la rotonda de Al-Dahye y el barrio Al-Sabil.<\/p>\n<p><span style=\"color: #0000ff\">Ghifar Al.<\/span><\/p>\n","protected":false},"excerpt":{"rendered":"<p>Damasco, SANA Un ni\u00f1o fue herido por un proyectil de mortero lanzado por terroristas en Dahiat Harasta en Damasco. Una fuente del Comando de la Polic\u00eda dijo a SANA que el ataque caus\u00f3 lesiones a un ni\u00f1o y da\u00f1os materiales a unos seis coches, al caer entre la rotonda de Al-Dahye y el barrio Al-Sabil. &hellip;<\/p>\n","protected":false},"author":1,"featured_media":3212,"comment_status":"closed","ping_status":"closed","sticky":false,"template":"","format":"standard","meta":{"footnotes":""},"categories":[597,573],"tags":[751],"class_list":["post-3214","post","type-post","status-publish","format-standard","has-post-thumbnail","","category-cinta-de-noticias","category-la-realidad-de-los-acontecimientos-en-siria","tag-un-nino-herido-y-danos-materiales-a-causa-de-un-ataque-terrorista-por-mortero-en-harasta-en-damasco"],"_links":{"self":[{"href":"https:\/\/archive.sana.sy\/es\/index.php?rest_route=\/wp\/v2\/posts\/3214"}],"collection":[{"href":"https:\/\/archive.sana.sy\/es\/index.php?rest_route=\/wp\/v2\/posts"}],"about":[{"href":"https:\/\/archive.sana.sy\/es\/index.php?rest_route=\/wp\/v2\/types\/post"}],"author":[{"embeddable":true,"href":"https:\/\/archive.sana.sy\/es\/index.php?rest_route=\/wp\/v2\/users\/1"}],"replies":[{"embeddable":true,"href":"https:\/\/archive.sana.sy\/es\/index.php?rest_route=%2Fwp%2Fv2%2Fcomments&post=3214"}],"version-history":[{"count":0,"href":"https:\/\/archive.sana.sy\/es\/index.php?rest_route=\/wp\/v2\/posts\/3214\/revisions"}],"wp:featuredmedia":[{"embeddable":true,"href":"https:\/\/archive.sana.sy\/es\/index.php?rest_route=\/wp\/v2\/media\/3212"}],"wp:attachment":[{"href":"https:\/\/archive.sana.sy\/es\/index.php?rest_route=%2Fwp%2Fv2%2Fmedia&parent=3214"}],"wp:term":[{"taxonomy":"category","embeddable":true,"href":"https:\/\/archive.sana.sy\/es\/index.php?rest_route=%2Fwp%2Fv2%2Fcategories&post=3214"},{"taxonomy":"post_tag","embeddable":true,"href":"https:\/\/archive.sana.sy\/es\/index.php?rest_route=%2Fwp%2Fv2%2Ftags&post=3214"}],"curies":[{"name":"wp","href":"https:\/\/api.w.org\/{rel}","templated":true}]}}