{"id":321463,"date":"2024-02-06T13:26:49","date_gmt":"2024-02-06T10:26:49","guid":{"rendered":"https:\/\/sana.sy\/es\/?p=321463"},"modified":"2024-02-06T13:26:49","modified_gmt":"2024-02-06T10:26:49","slug":"4-895-alumnos-palestinos-fueron-asesinados-por-israel-en-gaza-y-csijordania","status":"publish","type":"post","link":"https:\/\/archive.sana.sy\/es\/?p=321463","title":{"rendered":"4.895 alumnos palestinos fueron asesinados por Israel en Gaza y Csijordania"},"content":{"rendered":"<p style=\"text-align: justify;\"><span style=\"color: #800000;\"><strong>Jerusal\u00e9n ocupada, 6 feb (SANA)<\/strong><\/span>\u00a0 El Ministerio de Educaci\u00f3n palestino anunci\u00f3 hoy que 4.895 estudiantes palestinos perdieron la vida y 8.510 otros resultaron heridos en Gaza y Cisjordania, desde que los militares israel\u00edes comenzaran su agresi\u00f3n contra la Franja el 7 de octubre pasado.<\/p>\n<p style=\"text-align: justify;\">La cifra de estudiantes asesinados en la Franja de Gaza ascendi\u00f3 a 4.851 mientras 8.227 resultaron heridos, y en en Cisjordania, 44 estudiantes murieron y 283 resultaron heridos, adem\u00e1s de 89 detenidos, inform\u00f3 el Ministerio en un comunicado.<\/p>\n<p style=\"text-align: justify;\">Al mismo tiempo, 239 profesores y administradores murieron y 836 resultaron heridos en la Franja de Gaza, mientras que otros seis resultaron heridos y m\u00e1s de 71 fueron arrestados en Cisjordania.<\/p>\n<p style=\"text-align: justify;\">Al mismo tiempo, 620.000 estudiantes palestinos siguen privados de la matriculaci\u00f3n en sus escuelas desde el d\u00eda 7 de octubre pasado.<\/p>\n<p style=\"text-align: justify;\">Las tropas sionistas bombardearon 351 escuelas en la Franja de Gaza, incluidas 65 escuelas afiliadas a la UNRWA, 83 de las cuales sufrieron graves da\u00f1os y siete fueron completamente destruidas, mientras que 49 escuelas en Cisjordania fueron sido saboteadas, indico el ministerio.<\/p>\n<p style=\"text-align: justify;\">ed\/fm<\/p>\n","protected":false},"excerpt":{"rendered":"<p>Jerusal\u00e9n ocupada, 6 feb (SANA)\u00a0 El Ministerio de Educaci\u00f3n palestino anunci\u00f3 hoy que 4.895 estudiantes palestinos perdieron la vida y 8.510 otros resultaron heridos en Gaza y Cisjordania, desde que los militares israel\u00edes comenzaran su agresi\u00f3n contra la Franja el 7 de octubre pasado. La cifra de estudiantes asesinados en la Franja de Gaza ascendi\u00f3 &hellip;<\/p>\n","protected":false},"author":32,"featured_media":321464,"comment_status":"closed","ping_status":"closed","sticky":false,"template":"","format":"standard","meta":{"footnotes":""},"categories":[597,456,20724,7541],"tags":[],"class_list":["post-321463","post","type-post","status-publish","format-standard","has-post-thumbnail","","category-cinta-de-noticias","category-arabe-internacional-politica","category-minuto-a-minuto","category-ultimas-noticias"],"_links":{"self":[{"href":"https:\/\/archive.sana.sy\/es\/index.php?rest_route=\/wp\/v2\/posts\/321463"}],"collection":[{"href":"https:\/\/archive.sana.sy\/es\/index.php?rest_route=\/wp\/v2\/posts"}],"about":[{"href":"https:\/\/archive.sana.sy\/es\/index.php?rest_route=\/wp\/v2\/types\/post"}],"author":[{"embeddable":true,"href":"https:\/\/archive.sana.sy\/es\/index.php?rest_route=\/wp\/v2\/users\/32"}],"replies":[{"embeddable":true,"href":"https:\/\/archive.sana.sy\/es\/index.php?rest_route=%2Fwp%2Fv2%2Fcomments&post=321463"}],"version-history":[{"count":1,"href":"https:\/\/archive.sana.sy\/es\/index.php?rest_route=\/wp\/v2\/posts\/321463\/revisions"}],"predecessor-version":[{"id":321465,"href":"https:\/\/archive.sana.sy\/es\/index.php?rest_route=\/wp\/v2\/posts\/321463\/revisions\/321465"}],"wp:featuredmedia":[{"embeddable":true,"href":"https:\/\/archive.sana.sy\/es\/index.php?rest_route=\/wp\/v2\/media\/321464"}],"wp:attachment":[{"href":"https:\/\/archive.sana.sy\/es\/index.php?rest_route=%2Fwp%2Fv2%2Fmedia&parent=321463"}],"wp:term":[{"taxonomy":"category","embeddable":true,"href":"https:\/\/archive.sana.sy\/es\/index.php?rest_route=%2Fwp%2Fv2%2Fcategories&post=321463"},{"taxonomy":"post_tag","embeddable":true,"href":"https:\/\/archive.sana.sy\/es\/index.php?rest_route=%2Fwp%2Fv2%2Ftags&post=321463"}],"curies":[{"name":"wp","href":"https:\/\/api.w.org\/{rel}","templated":true}]}}