{"id":32148,"date":"2015-10-23T18:58:43","date_gmt":"2015-10-23T15:58:43","guid":{"rendered":"http:\/\/sana.sy\/es\/?p=32148"},"modified":"2015-10-23T18:58:43","modified_gmt":"2015-10-23T15:58:43","slug":"ejercito-libanes-frustra-un-intento-de-infiltracion","status":"publish","type":"post","link":"https:\/\/archive.sana.sy\/es\/?p=32148","title":{"rendered":"Ej\u00e9rcito liban\u00e9s frustra un intento de infiltraci\u00f3n"},"content":{"rendered":"<p style=\"text-align: justify\"><span style=\"color: #800000\">Beirut, SANA<\/span>&#8211; El ej\u00e9rcito liban\u00e9s ha logrado hoy frustrar un intento terrorista de infiltraci\u00f3n desde la localidad de Arsal hacia puestos militares y otras zonas urbanas en la regi\u00f3n de Beqaa, infligiendo significativas p\u00e9rdidas en las filas de los infiltrados.<\/p>\n<p style=\"text-align: justify\">De acuerdo con la agencia libanesa de noticias ANN, fuerzas del ej\u00e9rcito dirigieron duros golpes contra agrupaciones terroristas en las monta\u00f1as de la localidad de Beqaa.<\/p>\n<p style=\"text-align: justify\">Cabe se\u00f1alar que las fuerzas de seguridad libanesas detuvieron ayer a un presunto terrorista del (EI) de nacionalidad siria, acusado de facilitar apoyo log\u00edstico para el grupo terrorista en el L\u00edbano.<\/p>\n<p>M.Miri<\/p>\n","protected":false},"excerpt":{"rendered":"<p>Beirut, SANA&#8211; El ej\u00e9rcito liban\u00e9s ha logrado hoy frustrar un intento terrorista de infiltraci\u00f3n desde la localidad de Arsal hacia puestos militares y otras zonas urbanas en la regi\u00f3n de Beqaa, infligiendo significativas p\u00e9rdidas en las filas de los infiltrados. De acuerdo con la agencia libanesa de noticias ANN, fuerzas del ej\u00e9rcito dirigieron duros golpes &hellip;<\/p>\n","protected":false},"author":1,"featured_media":32149,"comment_status":"closed","ping_status":"closed","sticky":false,"template":"","format":"standard","meta":{"footnotes":""},"categories":[456,457],"tags":[],"class_list":["post-32148","post","type-post","status-publish","format-standard","has-post-thumbnail","","category-arabe-internacional-politica","category-noticias-arabe-internacional-politica"],"_links":{"self":[{"href":"https:\/\/archive.sana.sy\/es\/index.php?rest_route=\/wp\/v2\/posts\/32148"}],"collection":[{"href":"https:\/\/archive.sana.sy\/es\/index.php?rest_route=\/wp\/v2\/posts"}],"about":[{"href":"https:\/\/archive.sana.sy\/es\/index.php?rest_route=\/wp\/v2\/types\/post"}],"author":[{"embeddable":true,"href":"https:\/\/archive.sana.sy\/es\/index.php?rest_route=\/wp\/v2\/users\/1"}],"replies":[{"embeddable":true,"href":"https:\/\/archive.sana.sy\/es\/index.php?rest_route=%2Fwp%2Fv2%2Fcomments&post=32148"}],"version-history":[{"count":0,"href":"https:\/\/archive.sana.sy\/es\/index.php?rest_route=\/wp\/v2\/posts\/32148\/revisions"}],"wp:featuredmedia":[{"embeddable":true,"href":"https:\/\/archive.sana.sy\/es\/index.php?rest_route=\/wp\/v2\/media\/32149"}],"wp:attachment":[{"href":"https:\/\/archive.sana.sy\/es\/index.php?rest_route=%2Fwp%2Fv2%2Fmedia&parent=32148"}],"wp:term":[{"taxonomy":"category","embeddable":true,"href":"https:\/\/archive.sana.sy\/es\/index.php?rest_route=%2Fwp%2Fv2%2Fcategories&post=32148"},{"taxonomy":"post_tag","embeddable":true,"href":"https:\/\/archive.sana.sy\/es\/index.php?rest_route=%2Fwp%2Fv2%2Ftags&post=32148"}],"curies":[{"name":"wp","href":"https:\/\/api.w.org\/{rel}","templated":true}]}}