{"id":321483,"date":"2024-02-06T18:14:19","date_gmt":"2024-02-06T15:14:19","guid":{"rendered":"https:\/\/sana.sy\/es\/?p=321483"},"modified":"2024-02-06T18:14:19","modified_gmt":"2024-02-06T15:14:19","slug":"el-presidente-bashar-al-assad-recibe-las-cartas-credenciales-de-hasan-ahmed-muhammad-suleiman-al-shehhi-como-embajador-extraordinario-y-plenipotenciario-de-los-emiratos-arabes-unidos-en-la-republica","status":"publish","type":"post","link":"https:\/\/archive.sana.sy\/es\/?p=321483","title":{"rendered":"El presidente, Bashar Al-Assad recibe las cartas credenciales de Hasan Ahmed Muhammad Suleiman Al-Shehhi como Embajador Extraordinario y Plenipotenciario de los Emiratos \u00c1rabes Unidos en la Rep\u00fablica \u00c1rabe Siria."},"content":{"rendered":"","protected":false},"excerpt":{"rendered":"","protected":false},"author":24,"featured_media":0,"comment_status":"closed","ping_status":"closed","sticky":false,"template":"","format":"standard","meta":{"footnotes":""},"categories":[20724],"tags":[],"class_list":["post-321483","post","type-post","status-publish","format-standard","","category-minuto-a-minuto"],"_links":{"self":[{"href":"https:\/\/archive.sana.sy\/es\/index.php?rest_route=\/wp\/v2\/posts\/321483"}],"collection":[{"href":"https:\/\/archive.sana.sy\/es\/index.php?rest_route=\/wp\/v2\/posts"}],"about":[{"href":"https:\/\/archive.sana.sy\/es\/index.php?rest_route=\/wp\/v2\/types\/post"}],"author":[{"embeddable":true,"href":"https:\/\/archive.sana.sy\/es\/index.php?rest_route=\/wp\/v2\/users\/24"}],"replies":[{"embeddable":true,"href":"https:\/\/archive.sana.sy\/es\/index.php?rest_route=%2Fwp%2Fv2%2Fcomments&post=321483"}],"version-history":[{"count":1,"href":"https:\/\/archive.sana.sy\/es\/index.php?rest_route=\/wp\/v2\/posts\/321483\/revisions"}],"predecessor-version":[{"id":321484,"href":"https:\/\/archive.sana.sy\/es\/index.php?rest_route=\/wp\/v2\/posts\/321483\/revisions\/321484"}],"wp:attachment":[{"href":"https:\/\/archive.sana.sy\/es\/index.php?rest_route=%2Fwp%2Fv2%2Fmedia&parent=321483"}],"wp:term":[{"taxonomy":"category","embeddable":true,"href":"https:\/\/archive.sana.sy\/es\/index.php?rest_route=%2Fwp%2Fv2%2Fcategories&post=321483"},{"taxonomy":"post_tag","embeddable":true,"href":"https:\/\/archive.sana.sy\/es\/index.php?rest_route=%2Fwp%2Fv2%2Ftags&post=321483"}],"curies":[{"name":"wp","href":"https:\/\/api.w.org\/{rel}","templated":true}]}}