{"id":321498,"date":"2024-02-06T20:21:54","date_gmt":"2024-02-06T17:21:54","guid":{"rendered":"https:\/\/sana.sy\/es\/?p=321498"},"modified":"2024-02-07T17:23:31","modified_gmt":"2024-02-07T14:23:31","slug":"onu-cualquier-expansion-de-la-ofensiva-israeli-a-rafah-provocara-mas-crimenes-de-guerra","status":"publish","type":"post","link":"https:\/\/archive.sana.sy\/es\/?p=321498","title":{"rendered":"ONU: Cualquier expansi\u00f3n de la ofensiva israel\u00ed a Rafah provocar\u00e1 m\u00e1s cr\u00edmenes de guerra"},"content":{"rendered":"<p style=\"text-align: justify\"><span style=\"color: #800000\"><strong>Ginebra, 06 ene (SANA)<\/strong> <\/span>Las Naciones Unidas advirti\u00f3 hoy que la expansi\u00f3n de la ofensiva militar de las fuerzas israel\u00edes provocar\u00e1 m\u00e1s cr\u00edmenes de guerra.<\/p>\n<p style=\"text-align: justify\">\u00a0\u201cCualquier acci\u00f3n por parte de \u201cIsrael\u201d para ampliar su invasi\u00f3n de la Franja de Gaza para que incluya la ciudad sure\u00f1a de Rafah podr\u00eda dar lugar a cr\u00edmenes de guerra que se deben detener con todos los medios posibles\u201d, declar\u00f3 Jens Laerke, el portavoz de la Oficina de las Naciones Unidas para la Coordinaci\u00f3n de Asuntos Humanitarios (OCHA).<\/p>\n<p style=\"text-align: justify\">Explic\u00f3 que \u201cel bombardeo indiscriminado de zonas densamente pobladas constituye un crimen de guerra seg\u00fan el derecho internacional humanitario\u201d.<\/p>\n<p style=\"text-align: justify\">El alto funcionario de la ONU hizo estas declaraciones a luz de la escalada israel\u00ed contra la ciudad sure\u00f1a de Rafah en las \u00faltimas 48 horas.<\/p>\n<p style=\"text-align: justify\">Cabe destacar que la poblaci\u00f3n de Rafah se ha quintuplicado desde el inicio de la agresi\u00f3n israel\u00ed contra la Franja el 7 de octubre pasado, puesto que se estimaba en 300 mil personas y ahora es\u00a0 alrededor de 1,4 millones debido al continuo flujo de los habitantes de Gaza hacia la misma.<\/p>\n<p>la<\/p>\n","protected":false},"excerpt":{"rendered":"<p>Ginebra, 06 ene (SANA) Las Naciones Unidas advirti\u00f3 hoy que la expansi\u00f3n de la ofensiva militar de las fuerzas israel\u00edes provocar\u00e1 m\u00e1s cr\u00edmenes de guerra. \u00a0\u201cCualquier acci\u00f3n por parte de \u201cIsrael\u201d para ampliar su invasi\u00f3n de la Franja de Gaza para que incluya la ciudad sure\u00f1a de Rafah podr\u00eda dar lugar a cr\u00edmenes de guerra &hellip;<\/p>\n","protected":false},"author":24,"featured_media":321499,"comment_status":"closed","ping_status":"closed","sticky":false,"template":"","format":"standard","meta":{"footnotes":""},"categories":[597,456,16687,7541],"tags":[],"class_list":["post-321498","post","type-post","status-publish","format-standard","has-post-thumbnail","","category-cinta-de-noticias","category-arabe-internacional-politica","category-internacionales","category-ultimas-noticias"],"_links":{"self":[{"href":"https:\/\/archive.sana.sy\/es\/index.php?rest_route=\/wp\/v2\/posts\/321498"}],"collection":[{"href":"https:\/\/archive.sana.sy\/es\/index.php?rest_route=\/wp\/v2\/posts"}],"about":[{"href":"https:\/\/archive.sana.sy\/es\/index.php?rest_route=\/wp\/v2\/types\/post"}],"author":[{"embeddable":true,"href":"https:\/\/archive.sana.sy\/es\/index.php?rest_route=\/wp\/v2\/users\/24"}],"replies":[{"embeddable":true,"href":"https:\/\/archive.sana.sy\/es\/index.php?rest_route=%2Fwp%2Fv2%2Fcomments&post=321498"}],"version-history":[{"count":4,"href":"https:\/\/archive.sana.sy\/es\/index.php?rest_route=\/wp\/v2\/posts\/321498\/revisions"}],"predecessor-version":[{"id":321582,"href":"https:\/\/archive.sana.sy\/es\/index.php?rest_route=\/wp\/v2\/posts\/321498\/revisions\/321582"}],"wp:featuredmedia":[{"embeddable":true,"href":"https:\/\/archive.sana.sy\/es\/index.php?rest_route=\/wp\/v2\/media\/321499"}],"wp:attachment":[{"href":"https:\/\/archive.sana.sy\/es\/index.php?rest_route=%2Fwp%2Fv2%2Fmedia&parent=321498"}],"wp:term":[{"taxonomy":"category","embeddable":true,"href":"https:\/\/archive.sana.sy\/es\/index.php?rest_route=%2Fwp%2Fv2%2Fcategories&post=321498"},{"taxonomy":"post_tag","embeddable":true,"href":"https:\/\/archive.sana.sy\/es\/index.php?rest_route=%2Fwp%2Fv2%2Ftags&post=321498"}],"curies":[{"name":"wp","href":"https:\/\/api.w.org\/{rel}","templated":true}]}}