{"id":321553,"date":"2024-02-07T14:20:15","date_gmt":"2024-02-07T11:20:15","guid":{"rendered":"https:\/\/sana.sy\/es\/?p=321553"},"modified":"2024-02-07T14:20:44","modified_gmt":"2024-02-07T11:20:44","slug":"departamento-provincial-de-servicios-en-homs-sufre-colosales-danos-por-agresion-israeli","status":"publish","type":"post","link":"https:\/\/archive.sana.sy\/es\/?p=321553","title":{"rendered":"Departamento Provincial de Servicios en Homs sufre colosales da\u00f1os por agresi\u00f3n israel\u00ed"},"content":{"rendered":"<p style=\"text-align: justify;\"><span style=\"color: #800000;\"><strong>Homs, 7 feb (SANA)\u00a0<\/strong><\/span> \u00a0Significativas p\u00e9rdidas materiales se produjeron hoy en el Departamento de Servicios en Homs como consecuencia de la agresi\u00f3n israel\u00ed cometida hoy contra eta provincia central.<\/p>\n<p style=\"text-align: justify;\">El jefe del referido departamento Ahmed Habib, declar\u00f3 a SANA que el Departamento y sus veh\u00edculos quedaron totalmente destruidos, adem\u00e1s de la gasolinera y el almac\u00e9n de aceites minerales.<\/p>\n<p style=\"text-align: justify;\">3 rodillos compactadores, 3 tractores &#8211; 2 motoniveladoras, un raspador de asfalto, cami\u00f3n remolque y un volquete fueron destruidos, detall\u00f3 el funcionario.<\/p>\n<p style=\"text-align: justify;\">Agreg\u00f3 que otros 50 veh\u00edculos resultaron parcialmente da\u00f1ados, mientras el edificio administrativo y los talleres t\u00e9cnicos sufrieron graves da\u00f1os.<\/p>\n<p style=\"text-align: justify;\">Un n\u00famero de civiles perdi\u00f3 la vida hoy y otros resultaron heridos a consecuencia de una nueva agresi\u00f3n israel\u00ed con misiles contra la ciudad de Homs, cabecera de la provincia del mismo nombre, ubicada a unos 200 kil\u00f3metros al norte de la Damasco la capital.<\/p>\n<p style=\"text-align: justify;\">Por medio de un comunicado enviado a SANA, el Ministerio de Defensa inform\u00f3 que aproximadamente a las 00:30 hora local, cazas del enemigo sionista que sobrevolaban el norte de la ciudad libanesa de Tr\u00edpoli, dispararon varios misiles contra la ciudad de Homs.<\/p>\n<p style=\"text-align: justify;\">La agresi\u00f3n, seg\u00fan detall\u00f3 el ente castrense, provoc\u00f3 varios muertos y heridos civiles, adem\u00e1s de algunas p\u00e9rdidas materiales en las propiedades p\u00fablicas y privadas.<\/p>\n<p style=\"text-align: justify;\">Israel bombardea constantemente el territorio de Siria en una violaci\u00f3n de la soberan\u00eda de esta naci\u00f3n y del Derecho Internacional.<\/p>\n<p style=\"text-align: justify;\">El Ministerio de Asuntos Exteriores inst\u00f3 al Consejo de Seguridad de las Naciones Unidas a cumplir sus responsabilidades y poner fin a esas agresiones.<\/p>\n<p style=\"text-align: justify;\"><strong>fm\/ws<\/strong><\/p>\n","protected":false},"excerpt":{"rendered":"<p>Homs, 7 feb (SANA)\u00a0 \u00a0Significativas p\u00e9rdidas materiales se produjeron hoy en el Departamento de Servicios en Homs como consecuencia de la agresi\u00f3n israel\u00ed cometida hoy contra eta provincia central. El jefe del referido departamento Ahmed Habib, declar\u00f3 a SANA que el Departamento y sus veh\u00edculos quedaron totalmente destruidos, adem\u00e1s de la gasolinera y el almac\u00e9n &hellip;<\/p>\n","protected":false},"author":35,"featured_media":321554,"comment_status":"closed","ping_status":"closed","sticky":false,"template":"","format":"standard","meta":{"footnotes":""},"categories":[597,20724,476,16688,7541],"tags":[],"class_list":["post-321553","post","type-post","status-publish","format-standard","has-post-thumbnail","","category-cinta-de-noticias","category-minuto-a-minuto","category-locales","category-nacionales","category-ultimas-noticias"],"_links":{"self":[{"href":"https:\/\/archive.sana.sy\/es\/index.php?rest_route=\/wp\/v2\/posts\/321553"}],"collection":[{"href":"https:\/\/archive.sana.sy\/es\/index.php?rest_route=\/wp\/v2\/posts"}],"about":[{"href":"https:\/\/archive.sana.sy\/es\/index.php?rest_route=\/wp\/v2\/types\/post"}],"author":[{"embeddable":true,"href":"https:\/\/archive.sana.sy\/es\/index.php?rest_route=\/wp\/v2\/users\/35"}],"replies":[{"embeddable":true,"href":"https:\/\/archive.sana.sy\/es\/index.php?rest_route=%2Fwp%2Fv2%2Fcomments&post=321553"}],"version-history":[{"count":2,"href":"https:\/\/archive.sana.sy\/es\/index.php?rest_route=\/wp\/v2\/posts\/321553\/revisions"}],"predecessor-version":[{"id":321556,"href":"https:\/\/archive.sana.sy\/es\/index.php?rest_route=\/wp\/v2\/posts\/321553\/revisions\/321556"}],"wp:featuredmedia":[{"embeddable":true,"href":"https:\/\/archive.sana.sy\/es\/index.php?rest_route=\/wp\/v2\/media\/321554"}],"wp:attachment":[{"href":"https:\/\/archive.sana.sy\/es\/index.php?rest_route=%2Fwp%2Fv2%2Fmedia&parent=321553"}],"wp:term":[{"taxonomy":"category","embeddable":true,"href":"https:\/\/archive.sana.sy\/es\/index.php?rest_route=%2Fwp%2Fv2%2Fcategories&post=321553"},{"taxonomy":"post_tag","embeddable":true,"href":"https:\/\/archive.sana.sy\/es\/index.php?rest_route=%2Fwp%2Fv2%2Ftags&post=321553"}],"curies":[{"name":"wp","href":"https:\/\/api.w.org\/{rel}","templated":true}]}}