{"id":321558,"date":"2024-02-07T14:35:35","date_gmt":"2024-02-07T11:35:35","guid":{"rendered":"https:\/\/sana.sy\/es\/?p=321558"},"modified":"2024-02-07T19:04:39","modified_gmt":"2024-02-07T16:04:39","slug":"el-minuto-a-minuto-de-la-agresion-israeli-a-gaza-30","status":"publish","type":"post","link":"https:\/\/archive.sana.sy\/es\/?p=321558","title":{"rendered":"El minuto a minuto de la agresi\u00f3n israel\u00ed a Gaza"},"content":{"rendered":"<p style=\"text-align: justify\"><span style=\"color: #800000\"><strong>Jerusal\u00e9n ocupada, 7 feb (SANA)<\/strong> <\/span><strong>A continuaci\u00f3n, los desarrollos m\u00e1s recientes sobre la agresi\u00f3n israel\u00ed contra la Franja de Gaza:<\/strong><\/p>\n<p>????????Resistencia palestina atac\u00f3 con dos proyectiles a 10 soldados israel\u00edes atrincherados en una casa en el oeste de la ciudad de Khan Yunis, logrando infligir muertos y heridos entre sus filas<\/p>\n<p>????????Resistencia palestina ataca con un proyectil &#8220;Yassin 105&#8221;, un tanque &#8220;Merkava&#8221; y una topadora militar israel\u00edes al oeste de la ciudad de Gaza.<\/p>\n<p style=\"text-align: justify\">???????? La Resistencia palestina derriba un dron israel\u00ed en el campo de refugiados de Burej, en el centro de la Franja de Gaza.<\/p>\n<p style=\"text-align: justify\">???????? La Resistencia palestina atac\u00f3 un grupo de soldados israel\u00edes que se atrincheraban en una casa al oeste de la ciudad de Khan Yunis, en el sur de la Franja de Gaza.<\/p>\n<p style=\"text-align: justify\">???????? Los combatientes palestinos eliminaron a siete soldados israel\u00edes tras atacar una casa en la que se atrincheraban al oeste de Khan Yunis, al sur de la Franja de Gaza.<\/p>\n<p style=\"text-align: justify\">???????? Medios de prensa palestinos: 13 muertos y varios heridos por bombardeo israel\u00ed contra un grupo de palestinos que hac\u00eda fila para llenar agua potable.<\/p>\n","protected":false},"excerpt":{"rendered":"<p>Jerusal\u00e9n ocupada, 7 feb (SANA) A continuaci\u00f3n, los desarrollos m\u00e1s recientes sobre la agresi\u00f3n israel\u00ed contra la Franja de Gaza: ????????Resistencia palestina atac\u00f3 con dos proyectiles a 10 soldados israel\u00edes atrincherados en una casa en el oeste de la ciudad de Khan Yunis, logrando infligir muertos y heridos entre sus filas ????????Resistencia palestina ataca con &hellip;<\/p>\n","protected":false},"author":42,"featured_media":321559,"comment_status":"closed","ping_status":"closed","sticky":false,"template":"","format":"standard","meta":{"footnotes":""},"categories":[597,456,16687,20724,583],"tags":[],"class_list":["post-321558","post","type-post","status-publish","format-standard","has-post-thumbnail","","category-cinta-de-noticias","category-arabe-internacional-politica","category-internacionales","category-minuto-a-minuto","category-slide"],"_links":{"self":[{"href":"https:\/\/archive.sana.sy\/es\/index.php?rest_route=\/wp\/v2\/posts\/321558"}],"collection":[{"href":"https:\/\/archive.sana.sy\/es\/index.php?rest_route=\/wp\/v2\/posts"}],"about":[{"href":"https:\/\/archive.sana.sy\/es\/index.php?rest_route=\/wp\/v2\/types\/post"}],"author":[{"embeddable":true,"href":"https:\/\/archive.sana.sy\/es\/index.php?rest_route=\/wp\/v2\/users\/42"}],"replies":[{"embeddable":true,"href":"https:\/\/archive.sana.sy\/es\/index.php?rest_route=%2Fwp%2Fv2%2Fcomments&post=321558"}],"version-history":[{"count":3,"href":"https:\/\/archive.sana.sy\/es\/index.php?rest_route=\/wp\/v2\/posts\/321558\/revisions"}],"predecessor-version":[{"id":321595,"href":"https:\/\/archive.sana.sy\/es\/index.php?rest_route=\/wp\/v2\/posts\/321558\/revisions\/321595"}],"wp:featuredmedia":[{"embeddable":true,"href":"https:\/\/archive.sana.sy\/es\/index.php?rest_route=\/wp\/v2\/media\/321559"}],"wp:attachment":[{"href":"https:\/\/archive.sana.sy\/es\/index.php?rest_route=%2Fwp%2Fv2%2Fmedia&parent=321558"}],"wp:term":[{"taxonomy":"category","embeddable":true,"href":"https:\/\/archive.sana.sy\/es\/index.php?rest_route=%2Fwp%2Fv2%2Fcategories&post=321558"},{"taxonomy":"post_tag","embeddable":true,"href":"https:\/\/archive.sana.sy\/es\/index.php?rest_route=%2Fwp%2Fv2%2Ftags&post=321558"}],"curies":[{"name":"wp","href":"https:\/\/api.w.org\/{rel}","templated":true}]}}