{"id":321561,"date":"2024-02-07T14:54:29","date_gmt":"2024-02-07T11:54:29","guid":{"rendered":"https:\/\/sana.sy\/es\/?p=321561"},"modified":"2024-02-07T14:54:54","modified_gmt":"2024-02-07T11:54:54","slug":"las-fuerzas-israelies-cometieron-16-masacres-durante-las-ultimas-24-horas-en-la-franja-de-gaza-cobrandose-la-vida-de-123-palestinos-y-otros-169-resultaron-heridos","status":"publish","type":"post","link":"https:\/\/archive.sana.sy\/es\/?p=321561","title":{"rendered":"Las fuerzas israel\u00edes cometieron 16 masacres durante las \u00faltimas 24 horas en la Franja de Gaza, cobr\u00e1ndose la vida de 123 palestinos y otros 169 resultaron heridos."},"content":{"rendered":"","protected":false},"excerpt":{"rendered":"","protected":false},"author":42,"featured_media":0,"comment_status":"closed","ping_status":"closed","sticky":false,"template":"","format":"standard","meta":{"footnotes":""},"categories":[20724,596],"tags":[],"class_list":["post-321561","post","type-post","status-publish","format-standard","","category-minuto-a-minuto","category-urgente"],"_links":{"self":[{"href":"https:\/\/archive.sana.sy\/es\/index.php?rest_route=\/wp\/v2\/posts\/321561"}],"collection":[{"href":"https:\/\/archive.sana.sy\/es\/index.php?rest_route=\/wp\/v2\/posts"}],"about":[{"href":"https:\/\/archive.sana.sy\/es\/index.php?rest_route=\/wp\/v2\/types\/post"}],"author":[{"embeddable":true,"href":"https:\/\/archive.sana.sy\/es\/index.php?rest_route=\/wp\/v2\/users\/42"}],"replies":[{"embeddable":true,"href":"https:\/\/archive.sana.sy\/es\/index.php?rest_route=%2Fwp%2Fv2%2Fcomments&post=321561"}],"version-history":[{"count":1,"href":"https:\/\/archive.sana.sy\/es\/index.php?rest_route=\/wp\/v2\/posts\/321561\/revisions"}],"predecessor-version":[{"id":321562,"href":"https:\/\/archive.sana.sy\/es\/index.php?rest_route=\/wp\/v2\/posts\/321561\/revisions\/321562"}],"wp:attachment":[{"href":"https:\/\/archive.sana.sy\/es\/index.php?rest_route=%2Fwp%2Fv2%2Fmedia&parent=321561"}],"wp:term":[{"taxonomy":"category","embeddable":true,"href":"https:\/\/archive.sana.sy\/es\/index.php?rest_route=%2Fwp%2Fv2%2Fcategories&post=321561"},{"taxonomy":"post_tag","embeddable":true,"href":"https:\/\/archive.sana.sy\/es\/index.php?rest_route=%2Fwp%2Fv2%2Ftags&post=321561"}],"curies":[{"name":"wp","href":"https:\/\/api.w.org\/{rel}","templated":true}]}}