{"id":32158,"date":"2015-10-23T20:58:19","date_gmt":"2015-10-23T17:58:19","guid":{"rendered":"http:\/\/sana.sy\/es\/?p=32158"},"modified":"2015-10-23T20:58:19","modified_gmt":"2015-10-23T17:58:19","slug":"carcel-para-244-personas-por-las-protestas-antigubernamentales-de-turquia","status":"publish","type":"post","link":"https:\/\/archive.sana.sy\/es\/?p=32158","title":{"rendered":"C\u00e1rcel para 244 personas por las protestas antigubernamentales de Turqu\u00eda"},"content":{"rendered":"<p style=\"text-align: justify\"><span style=\"color: #800000\">Estambul, SANA<\/span>&#8211; Un juzgado de Estambul ha impuesto condenas de entre dos y catorce meses de prisi\u00f3n a 244 personas acusadas de diversos delitos por haber participado en las protestas antigubernamentales del parque Gezi en verano de 2013, informa hoy el diario turco &#8220;H\u00fcrriyet&#8221;.<\/p>\n<p style=\"text-align: justify\">Las penas responden a delitos como &#8220;participaci\u00f3n en manifestaciones ilegales&#8221;, &#8220;resistencia a la autoridad&#8221;, &#8220;da\u00f1os a la propiedad p\u00fablica&#8221; o &#8220;ensuciar lugares de oraci\u00f3n&#8221;.<\/p>\n<p style=\"text-align: justify\">Cientos de miles de turcos salieron a las calles denunciando el Gobierno s liderazgo autocr\u00e1tico en mayo y junio de 2013.Las protestas fueron provocadas por la oposici\u00f3n a los planes del Gobierno. 8 Miles fueron heridos y al menos 8 personas murieron en las protestas.<\/p>\n<p>M.Miri<\/p>\n","protected":false},"excerpt":{"rendered":"<p>Estambul, SANA&#8211; Un juzgado de Estambul ha impuesto condenas de entre dos y catorce meses de prisi\u00f3n a 244 personas acusadas de diversos delitos por haber participado en las protestas antigubernamentales del parque Gezi en verano de 2013, informa hoy el diario turco &#8220;H\u00fcrriyet&#8221;. Las penas responden a delitos como &#8220;participaci\u00f3n en manifestaciones ilegales&#8221;, &#8220;resistencia &hellip;<\/p>\n","protected":false},"author":1,"featured_media":27557,"comment_status":"closed","ping_status":"closed","sticky":false,"template":"","format":"standard","meta":{"footnotes":""},"categories":[456,457,576],"tags":[7163],"class_list":["post-32158","post","type-post","status-publish","format-standard","has-post-thumbnail","","category-arabe-internacional-politica","category-noticias-arabe-internacional-politica","category-noticias-politicas","tag-carcel-para-244-personas-por-las-protestas-antigubernamentales-de-turquia"],"_links":{"self":[{"href":"https:\/\/archive.sana.sy\/es\/index.php?rest_route=\/wp\/v2\/posts\/32158"}],"collection":[{"href":"https:\/\/archive.sana.sy\/es\/index.php?rest_route=\/wp\/v2\/posts"}],"about":[{"href":"https:\/\/archive.sana.sy\/es\/index.php?rest_route=\/wp\/v2\/types\/post"}],"author":[{"embeddable":true,"href":"https:\/\/archive.sana.sy\/es\/index.php?rest_route=\/wp\/v2\/users\/1"}],"replies":[{"embeddable":true,"href":"https:\/\/archive.sana.sy\/es\/index.php?rest_route=%2Fwp%2Fv2%2Fcomments&post=32158"}],"version-history":[{"count":0,"href":"https:\/\/archive.sana.sy\/es\/index.php?rest_route=\/wp\/v2\/posts\/32158\/revisions"}],"wp:featuredmedia":[{"embeddable":true,"href":"https:\/\/archive.sana.sy\/es\/index.php?rest_route=\/wp\/v2\/media\/27557"}],"wp:attachment":[{"href":"https:\/\/archive.sana.sy\/es\/index.php?rest_route=%2Fwp%2Fv2%2Fmedia&parent=32158"}],"wp:term":[{"taxonomy":"category","embeddable":true,"href":"https:\/\/archive.sana.sy\/es\/index.php?rest_route=%2Fwp%2Fv2%2Fcategories&post=32158"},{"taxonomy":"post_tag","embeddable":true,"href":"https:\/\/archive.sana.sy\/es\/index.php?rest_route=%2Fwp%2Fv2%2Ftags&post=32158"}],"curies":[{"name":"wp","href":"https:\/\/api.w.org\/{rel}","templated":true}]}}