{"id":321587,"date":"2024-02-07T18:26:35","date_gmt":"2024-02-07T15:26:35","guid":{"rendered":"https:\/\/sana.sy\/es\/?p=321587"},"modified":"2024-02-07T18:28:44","modified_gmt":"2024-02-07T15:28:44","slug":"una-victima-mortal-y-varios-heridos-en-ataques-aereos-israelies-con-un-dron-contra-el-sur-del-libano","status":"publish","type":"post","link":"https:\/\/archive.sana.sy\/es\/?p=321587","title":{"rendered":"Una v\u00edctima mortal y varios heridos en ataques a\u00e9reos israel\u00edes con un dron contra el sur del L\u00edbano"},"content":{"rendered":"<p style=\"text-align: justify\"><span style=\"color: #800000\"><strong>Beirut, 07 ene (SANA)<\/strong> <\/span>Un civil perdi\u00f3 la vida y otros dos resultaron heridos tras ataques a\u00e9reos llevados a cabo por un dron israel\u00ed esta tarde contra una casa en la ciudad de Khiam, en el sur del L\u00edbano.<\/p>\n<p style=\"text-align: justify\">En el mismo contexto, la aviaci\u00f3n israel\u00ed lanz\u00f3 tambi\u00e9n globos incendiarios sobre la zona de Nabatieh.<\/p>\n<p style=\"text-align: justify\">Esta ma\u00f1ana, el enemigo israel\u00ed hab\u00eda bombardeado varias aldeas y ciudades del sur del L\u00edbano.<\/p>\n<p style=\"text-align: justify\">la<\/p>\n","protected":false},"excerpt":{"rendered":"<p>Beirut, 07 ene (SANA) Un civil perdi\u00f3 la vida y otros dos resultaron heridos tras ataques a\u00e9reos llevados a cabo por un dron israel\u00ed esta tarde contra una casa en la ciudad de Khiam, en el sur del L\u00edbano. En el mismo contexto, la aviaci\u00f3n israel\u00ed lanz\u00f3 tambi\u00e9n globos incendiarios sobre la zona de Nabatieh. &hellip;<\/p>\n","protected":false},"author":24,"featured_media":321588,"comment_status":"closed","ping_status":"closed","sticky":false,"template":"","format":"standard","meta":{"footnotes":""},"categories":[597,456,16687,20724,7541],"tags":[],"class_list":["post-321587","post","type-post","status-publish","format-standard","has-post-thumbnail","","category-cinta-de-noticias","category-arabe-internacional-politica","category-internacionales","category-minuto-a-minuto","category-ultimas-noticias"],"_links":{"self":[{"href":"https:\/\/archive.sana.sy\/es\/index.php?rest_route=\/wp\/v2\/posts\/321587"}],"collection":[{"href":"https:\/\/archive.sana.sy\/es\/index.php?rest_route=\/wp\/v2\/posts"}],"about":[{"href":"https:\/\/archive.sana.sy\/es\/index.php?rest_route=\/wp\/v2\/types\/post"}],"author":[{"embeddable":true,"href":"https:\/\/archive.sana.sy\/es\/index.php?rest_route=\/wp\/v2\/users\/24"}],"replies":[{"embeddable":true,"href":"https:\/\/archive.sana.sy\/es\/index.php?rest_route=%2Fwp%2Fv2%2Fcomments&post=321587"}],"version-history":[{"count":2,"href":"https:\/\/archive.sana.sy\/es\/index.php?rest_route=\/wp\/v2\/posts\/321587\/revisions"}],"predecessor-version":[{"id":321590,"href":"https:\/\/archive.sana.sy\/es\/index.php?rest_route=\/wp\/v2\/posts\/321587\/revisions\/321590"}],"wp:featuredmedia":[{"embeddable":true,"href":"https:\/\/archive.sana.sy\/es\/index.php?rest_route=\/wp\/v2\/media\/321588"}],"wp:attachment":[{"href":"https:\/\/archive.sana.sy\/es\/index.php?rest_route=%2Fwp%2Fv2%2Fmedia&parent=321587"}],"wp:term":[{"taxonomy":"category","embeddable":true,"href":"https:\/\/archive.sana.sy\/es\/index.php?rest_route=%2Fwp%2Fv2%2Fcategories&post=321587"},{"taxonomy":"post_tag","embeddable":true,"href":"https:\/\/archive.sana.sy\/es\/index.php?rest_route=%2Fwp%2Fv2%2Ftags&post=321587"}],"curies":[{"name":"wp","href":"https:\/\/api.w.org\/{rel}","templated":true}]}}