{"id":321591,"date":"2024-02-07T19:04:35","date_gmt":"2024-02-07T16:04:35","guid":{"rendered":"https:\/\/sana.sy\/es\/?p=321591"},"modified":"2024-02-07T19:05:08","modified_gmt":"2024-02-07T16:05:08","slug":"parlamento-arabe-condena-decision-del-presidente-electo-de-argentina-de-trasladar-su-embajada-a-jerusalen-ocupada","status":"publish","type":"post","link":"https:\/\/archive.sana.sy\/es\/?p=321591","title":{"rendered":"Parlamento \u00c1rabe condena decisi\u00f3n del Presidente de Argentina de trasladar su embajada a Jerusal\u00e9n ocupada"},"content":{"rendered":"<p style=\"text-align: justify\"><span style=\"color: #800000\"><strong>El Cairo, 07 ene (SANA) \u00a0<\/strong><\/span>El Parlamento \u00c1rabe (PA) conden\u00f3 la intenci\u00f3n del presidente argentino electo, Javier Milei, de trasladar la embajada de su pa\u00eds a la ciudad ocupada de Jerusal\u00e9n.<\/p>\n<p style=\"text-align: justify\">En un comunicado emitido este mi\u00e9rcoles, el PA se\u00f1al\u00f3 que \u201cEste asunto es condenado y rechazado, se\u00f1alando que \u201ccualquier paso en esta direcci\u00f3n representa una violaci\u00f3n flagrante del derecho internacional&#8221;.<\/p>\n<p style=\"text-align: justify\">\u201c Esta medida socavar\u00eda la soluci\u00f3n de dos Estados y alentar\u00eda a la entidad ocupante a seguir con sus violaciones contra el pueblo palestino y los lugares sagrados cristianos e isl\u00e1micos en la ciudad ocupada de Jerusal\u00e9n\u201d, subray\u00f3.<\/p>\n<p style=\"text-align: justify\">Dirigi\u00f3 un llamamiento al presidente argentino a reconsiderar esta decisi\u00f3n y le pidi\u00f3 no descarrilarse del enfoque y las posturas de los pa\u00edses sudamericanos que abogan por los leg\u00edtimos derechos del pueblo palestino a establecer su Estado independiente con la ciudad de Jerusal\u00e9n como capital.<\/p>\n<p style=\"text-align: justify\">Concluy\u00f3 que el anunci\u00f3 del presidente argentino \u201ccontraviene expl\u00edcitamente las resoluciones de la Asamblea General de las Naciones Unidas y del Consejo de Seguridad de las Naciones Unidas y se considera nulo y sin efecto legal\u201d.<\/p>\n<p>&nbsp;<\/p>\n<p>la<\/p>\n","protected":false},"excerpt":{"rendered":"<p>El Cairo, 07 ene (SANA) \u00a0El Parlamento \u00c1rabe (PA) conden\u00f3 la intenci\u00f3n del presidente argentino electo, Javier Milei, de trasladar la embajada de su pa\u00eds a la ciudad ocupada de Jerusal\u00e9n. En un comunicado emitido este mi\u00e9rcoles, el PA se\u00f1al\u00f3 que \u201cEste asunto es condenado y rechazado, se\u00f1alando que \u201ccualquier paso en esta direcci\u00f3n representa &hellip;<\/p>\n","protected":false},"author":24,"featured_media":321593,"comment_status":"closed","ping_status":"closed","sticky":false,"template":"","format":"standard","meta":{"footnotes":""},"categories":[597,456,16687,20724,7541],"tags":[],"class_list":["post-321591","post","type-post","status-publish","format-standard","has-post-thumbnail","","category-cinta-de-noticias","category-arabe-internacional-politica","category-internacionales","category-minuto-a-minuto","category-ultimas-noticias"],"_links":{"self":[{"href":"https:\/\/archive.sana.sy\/es\/index.php?rest_route=\/wp\/v2\/posts\/321591"}],"collection":[{"href":"https:\/\/archive.sana.sy\/es\/index.php?rest_route=\/wp\/v2\/posts"}],"about":[{"href":"https:\/\/archive.sana.sy\/es\/index.php?rest_route=\/wp\/v2\/types\/post"}],"author":[{"embeddable":true,"href":"https:\/\/archive.sana.sy\/es\/index.php?rest_route=\/wp\/v2\/users\/24"}],"replies":[{"embeddable":true,"href":"https:\/\/archive.sana.sy\/es\/index.php?rest_route=%2Fwp%2Fv2%2Fcomments&post=321591"}],"version-history":[{"count":3,"href":"https:\/\/archive.sana.sy\/es\/index.php?rest_route=\/wp\/v2\/posts\/321591\/revisions"}],"predecessor-version":[{"id":321597,"href":"https:\/\/archive.sana.sy\/es\/index.php?rest_route=\/wp\/v2\/posts\/321591\/revisions\/321597"}],"wp:featuredmedia":[{"embeddable":true,"href":"https:\/\/archive.sana.sy\/es\/index.php?rest_route=\/wp\/v2\/media\/321593"}],"wp:attachment":[{"href":"https:\/\/archive.sana.sy\/es\/index.php?rest_route=%2Fwp%2Fv2%2Fmedia&parent=321591"}],"wp:term":[{"taxonomy":"category","embeddable":true,"href":"https:\/\/archive.sana.sy\/es\/index.php?rest_route=%2Fwp%2Fv2%2Fcategories&post=321591"},{"taxonomy":"post_tag","embeddable":true,"href":"https:\/\/archive.sana.sy\/es\/index.php?rest_route=%2Fwp%2Fv2%2Ftags&post=321591"}],"curies":[{"name":"wp","href":"https:\/\/api.w.org\/{rel}","templated":true}]}}