{"id":321598,"date":"2024-02-07T19:39:40","date_gmt":"2024-02-07T16:39:40","guid":{"rendered":"https:\/\/sana.sy\/es\/?p=321598"},"modified":"2024-02-07T19:41:54","modified_gmt":"2024-02-07T16:41:54","slug":"rusia-respondera-al-fortalecimiento-de-la-presencia-militar-de-la-otan-cerca-de-su-frontera","status":"publish","type":"post","link":"https:\/\/archive.sana.sy\/es\/?p=321598","title":{"rendered":"Rusia responder\u00e1 al fortalecimiento de la presencia militar de la OTAN cerca de su frontera"},"content":{"rendered":"<p style=\"text-align: justify\"><span style=\"color: #800000\"><strong>Mosc\u00fa, 07 ene (SANA)<\/strong><\/span> Rusia no se quedar\u00e1 los brazos cruzados ante el aumento de la presencia militar de la OTAN cerca de su frontera, anunci\u00f3 este mi\u00e9rcoles Mar\u00eda Zaj\u00e1rova, la portavoz del Ministerio de Exteriores ruso.<\/p>\n<p style=\"text-align: justify\">&#8220;Nuestro pa\u00eds no dejar\u00e1 sin respuesta el fortalecimiento del potencial militar de la OTAN cerca de sus fronteras, as\u00ed que tomar\u00e1 las medidas de defensa pertinentes para limitar las amenazas a su seguridad nacional&#8221;, se\u00f1al\u00f3 cit\u00f3 la agencia TASS a la vocera rusa durante una sesi\u00f3n informativa celebrada esta tarde.<\/p>\n<p style=\"text-align: justify\">Inform\u00f3 que m\u00e1s de 20 mil militares de 14 pa\u00edses participar\u00e1n en los ejercicios que se llevar\u00e1n a cabo pronto en el norte de Noruega, Finlandia y Suecia.<\/p>\n<p style=\"text-align: justify\">&#8220;Esta nueva ronda de actividad militarista est\u00e1 plagada de una nueva escalada de tensiones en la regi\u00f3n euro\u00e1rtica&#8221;, enfatiz\u00f3.<\/p>\n<p>&nbsp;<\/p>\n<p style=\"text-align: justify\">la<\/p>\n","protected":false},"excerpt":{"rendered":"<p>Mosc\u00fa, 07 ene (SANA) Rusia no se quedar\u00e1 los brazos cruzados ante el aumento de la presencia militar de la OTAN cerca de su frontera, anunci\u00f3 este mi\u00e9rcoles Mar\u00eda Zaj\u00e1rova, la portavoz del Ministerio de Exteriores ruso. &#8220;Nuestro pa\u00eds no dejar\u00e1 sin respuesta el fortalecimiento del potencial militar de la OTAN cerca de sus fronteras, &hellip;<\/p>\n","protected":false},"author":24,"featured_media":321599,"comment_status":"closed","ping_status":"closed","sticky":false,"template":"","format":"standard","meta":{"footnotes":""},"categories":[597,456,16687,20724,7541],"tags":[],"class_list":["post-321598","post","type-post","status-publish","format-standard","has-post-thumbnail","","category-cinta-de-noticias","category-arabe-internacional-politica","category-internacionales","category-minuto-a-minuto","category-ultimas-noticias"],"_links":{"self":[{"href":"https:\/\/archive.sana.sy\/es\/index.php?rest_route=\/wp\/v2\/posts\/321598"}],"collection":[{"href":"https:\/\/archive.sana.sy\/es\/index.php?rest_route=\/wp\/v2\/posts"}],"about":[{"href":"https:\/\/archive.sana.sy\/es\/index.php?rest_route=\/wp\/v2\/types\/post"}],"author":[{"embeddable":true,"href":"https:\/\/archive.sana.sy\/es\/index.php?rest_route=\/wp\/v2\/users\/24"}],"replies":[{"embeddable":true,"href":"https:\/\/archive.sana.sy\/es\/index.php?rest_route=%2Fwp%2Fv2%2Fcomments&post=321598"}],"version-history":[{"count":2,"href":"https:\/\/archive.sana.sy\/es\/index.php?rest_route=\/wp\/v2\/posts\/321598\/revisions"}],"predecessor-version":[{"id":321601,"href":"https:\/\/archive.sana.sy\/es\/index.php?rest_route=\/wp\/v2\/posts\/321598\/revisions\/321601"}],"wp:featuredmedia":[{"embeddable":true,"href":"https:\/\/archive.sana.sy\/es\/index.php?rest_route=\/wp\/v2\/media\/321599"}],"wp:attachment":[{"href":"https:\/\/archive.sana.sy\/es\/index.php?rest_route=%2Fwp%2Fv2%2Fmedia&parent=321598"}],"wp:term":[{"taxonomy":"category","embeddable":true,"href":"https:\/\/archive.sana.sy\/es\/index.php?rest_route=%2Fwp%2Fv2%2Fcategories&post=321598"},{"taxonomy":"post_tag","embeddable":true,"href":"https:\/\/archive.sana.sy\/es\/index.php?rest_route=%2Fwp%2Fv2%2Ftags&post=321598"}],"curies":[{"name":"wp","href":"https:\/\/api.w.org\/{rel}","templated":true}]}}