{"id":321603,"date":"2024-02-07T20:36:08","date_gmt":"2024-02-07T17:36:08","guid":{"rendered":"https:\/\/sana.sy\/es\/?p=321603"},"modified":"2024-02-07T20:36:08","modified_gmt":"2024-02-07T17:36:08","slug":"resistencia-libanesa-bombardea-la-base-israeli-khirbet-maer","status":"publish","type":"post","link":"https:\/\/archive.sana.sy\/es\/?p=321603","title":{"rendered":"Resistencia libanesa bombardea la base israel\u00ed Khirbet Maer"},"content":{"rendered":"<p style=\"text-align: justify\"><span style=\"color: #800000\"><strong>Beirut, 07 ene (SANA)<\/strong> <\/span>La Resistencia libanesa anunci\u00f3 hoy haber atacado a sitios israel\u00edes en la frontera con Palestina ocupada.<\/p>\n<p style=\"text-align: justify\">En un comunicado inform\u00f3 que sus combatientes bombardearon los equipos t\u00e9cnicos en el sitio israel\u00ed Ramia, as\u00ed como una agrupaci\u00f3n de soldados israel\u00edes en las granjas ocupadas de Shabaa y lograron impactos directos.<\/p>\n<p style=\"text-align: justify\">De igual manera, la base israel\u00ed de Khirbet Maer fue alcanzada por un misil de la Resistencia que asever\u00f3 que estas operaciones van el marco de reforzar la resistencia de los valientes palestinos en Gaza.<\/p>\n<p style=\"text-align: justify\">\nla<\/p>\n","protected":false},"excerpt":{"rendered":"<p>Beirut, 07 ene (SANA) La Resistencia libanesa anunci\u00f3 hoy haber atacado a sitios israel\u00edes en la frontera con Palestina ocupada. En un comunicado inform\u00f3 que sus combatientes bombardearon los equipos t\u00e9cnicos en el sitio israel\u00ed Ramia, as\u00ed como una agrupaci\u00f3n de soldados israel\u00edes en las granjas ocupadas de Shabaa y lograron impactos directos. De igual &hellip;<\/p>\n","protected":false},"author":24,"featured_media":321604,"comment_status":"closed","ping_status":"closed","sticky":false,"template":"","format":"standard","meta":{"footnotes":""},"categories":[597,456,16687,20724,7541],"tags":[],"class_list":["post-321603","post","type-post","status-publish","format-standard","has-post-thumbnail","","category-cinta-de-noticias","category-arabe-internacional-politica","category-internacionales","category-minuto-a-minuto","category-ultimas-noticias"],"_links":{"self":[{"href":"https:\/\/archive.sana.sy\/es\/index.php?rest_route=\/wp\/v2\/posts\/321603"}],"collection":[{"href":"https:\/\/archive.sana.sy\/es\/index.php?rest_route=\/wp\/v2\/posts"}],"about":[{"href":"https:\/\/archive.sana.sy\/es\/index.php?rest_route=\/wp\/v2\/types\/post"}],"author":[{"embeddable":true,"href":"https:\/\/archive.sana.sy\/es\/index.php?rest_route=\/wp\/v2\/users\/24"}],"replies":[{"embeddable":true,"href":"https:\/\/archive.sana.sy\/es\/index.php?rest_route=%2Fwp%2Fv2%2Fcomments&post=321603"}],"version-history":[{"count":1,"href":"https:\/\/archive.sana.sy\/es\/index.php?rest_route=\/wp\/v2\/posts\/321603\/revisions"}],"predecessor-version":[{"id":321605,"href":"https:\/\/archive.sana.sy\/es\/index.php?rest_route=\/wp\/v2\/posts\/321603\/revisions\/321605"}],"wp:featuredmedia":[{"embeddable":true,"href":"https:\/\/archive.sana.sy\/es\/index.php?rest_route=\/wp\/v2\/media\/321604"}],"wp:attachment":[{"href":"https:\/\/archive.sana.sy\/es\/index.php?rest_route=%2Fwp%2Fv2%2Fmedia&parent=321603"}],"wp:term":[{"taxonomy":"category","embeddable":true,"href":"https:\/\/archive.sana.sy\/es\/index.php?rest_route=%2Fwp%2Fv2%2Fcategories&post=321603"},{"taxonomy":"post_tag","embeddable":true,"href":"https:\/\/archive.sana.sy\/es\/index.php?rest_route=%2Fwp%2Fv2%2Ftags&post=321603"}],"curies":[{"name":"wp","href":"https:\/\/api.w.org\/{rel}","templated":true}]}}