{"id":32161,"date":"2015-10-23T21:05:32","date_gmt":"2015-10-23T18:05:32","guid":{"rendered":"http:\/\/sana.sy\/es\/?p=32161"},"modified":"2015-10-24T17:03:48","modified_gmt":"2015-10-24T14:03:48","slug":"lavrov-compartimos-los-mismos-puntos-de-vista-sobre-de-la-crisis-en-siria-2","status":"publish","type":"post","link":"https:\/\/archive.sana.sy\/es\/?p=32161","title":{"rendered":"Lavrov: compartimos los mismos puntos de vista sobre de la crisis en Siria"},"content":{"rendered":"<p style=\"text-align: justify\"><span style=\"color: #800000\">Viena, SANA<\/span>&#8211; El canciller ruso, Sergu\u00e9i Lavrov, afirm\u00f3 en una rueda de prensa tras la reuni\u00f3n celebrada hoy en Viena, que Rusia y sus socios comparten los mismos puntos de vista sobre de la crisis en Siria.<\/p>\n<p style=\"text-align: justify\">&#8220;Tenemos objetivos comunes: cesar la guerra, luchar m\u00e1s efectivamente contra los terroristas que amenazan no solo a Siria, sino a todo el mundo y promover m\u00e1s activamente el proceso pol\u00edtico y conservar integridad territorial del pa\u00eds&#8221;, dijo el alto funcionario ruso.<\/p>\n<p style=\"text-align: justify\">Al mismo tiempo, afirm\u00f3 que Ir\u00e1n y Egipto deben ser incluidos en el proceso de soluci\u00f3n del conflicto en Siria.<\/p>\n<p style=\"text-align: justify\">&#8220;Est\u00e1 claro que en la crisis siria est\u00e1n involucrados m\u00e1s jugadores externos, y no solo los cuatro que se han reunido hoy en Viena, por lo que hemos exhortado a realizar nuestros contactos posteriores en ese formato m\u00e1s representativo, que prev\u00e9 la participaci\u00f3n de muchos otros pa\u00edses de la regi\u00f3n, entre los cuales, lo subrayamos especialmente, deben estar Ir\u00e1n y Egipto&#8221;, dijo Lavrov.<\/p>\n<p style=\"text-align: justify\">Lavrov aclar\u00f3 que Rusia present\u00f3 durante la reuni\u00f3n, ciertas ideas sobre el arreglo en Siria e inform\u00f3 a los \u00a0participantes sobre \u00a0los resultados de la visita del presidente Bashar Al-Assad a Mosc\u00fa el martes pasado.<\/p>\n<p style=\"text-align: justify\">El canciller ruso se reuni\u00f3 este viernes con sus hom\u00f3logos de Arabia Saud\u00ed, EEUU y Turqu\u00eda.<\/p>\n<p style=\"text-align: justify\">Todos los participantes del encuentro confirmaron su compromiso con el Comunicado de Ginebra.<\/p>\n<p>M.Miri<\/p>\n","protected":false},"excerpt":{"rendered":"<p>Viena, SANA&#8211; El canciller ruso, Sergu\u00e9i Lavrov, afirm\u00f3 en una rueda de prensa tras la reuni\u00f3n celebrada hoy en Viena, que Rusia y sus socios comparten los mismos puntos de vista sobre de la crisis en Siria. &#8220;Tenemos objetivos comunes: cesar la guerra, luchar m\u00e1s efectivamente contra los terroristas que amenazan no solo a Siria, &hellip;<\/p>\n","protected":false},"author":1,"featured_media":32162,"comment_status":"closed","ping_status":"closed","sticky":false,"template":"","format":"standard","meta":{"footnotes":""},"categories":[597,456,457,576],"tags":[7160],"class_list":["post-32161","post","type-post","status-publish","format-standard","has-post-thumbnail","","category-cinta-de-noticias","category-arabe-internacional-politica","category-noticias-arabe-internacional-politica","category-noticias-politicas","tag-lavrov-compartimos-los-mismos-puntos-de-vista-sobre-de-la-crisis-en-siria"],"_links":{"self":[{"href":"https:\/\/archive.sana.sy\/es\/index.php?rest_route=\/wp\/v2\/posts\/32161"}],"collection":[{"href":"https:\/\/archive.sana.sy\/es\/index.php?rest_route=\/wp\/v2\/posts"}],"about":[{"href":"https:\/\/archive.sana.sy\/es\/index.php?rest_route=\/wp\/v2\/types\/post"}],"author":[{"embeddable":true,"href":"https:\/\/archive.sana.sy\/es\/index.php?rest_route=\/wp\/v2\/users\/1"}],"replies":[{"embeddable":true,"href":"https:\/\/archive.sana.sy\/es\/index.php?rest_route=%2Fwp%2Fv2%2Fcomments&post=32161"}],"version-history":[{"count":0,"href":"https:\/\/archive.sana.sy\/es\/index.php?rest_route=\/wp\/v2\/posts\/32161\/revisions"}],"wp:featuredmedia":[{"embeddable":true,"href":"https:\/\/archive.sana.sy\/es\/index.php?rest_route=\/wp\/v2\/media\/32162"}],"wp:attachment":[{"href":"https:\/\/archive.sana.sy\/es\/index.php?rest_route=%2Fwp%2Fv2%2Fmedia&parent=32161"}],"wp:term":[{"taxonomy":"category","embeddable":true,"href":"https:\/\/archive.sana.sy\/es\/index.php?rest_route=%2Fwp%2Fv2%2Fcategories&post=32161"},{"taxonomy":"post_tag","embeddable":true,"href":"https:\/\/archive.sana.sy\/es\/index.php?rest_route=%2Fwp%2Fv2%2Ftags&post=32161"}],"curies":[{"name":"wp","href":"https:\/\/api.w.org\/{rel}","templated":true}]}}