{"id":321690,"date":"2024-02-08T16:08:43","date_gmt":"2024-02-08T13:08:43","guid":{"rendered":"https:\/\/sana.sy\/es\/?p=321690"},"modified":"2024-02-08T16:09:48","modified_gmt":"2024-02-08T13:09:48","slug":"miles-de-pacientes-de-cancer-en-gaza-estan-sin-atencion-y-medicinas","status":"publish","type":"post","link":"https:\/\/archive.sana.sy\/es\/?p=321690","title":{"rendered":"Miles de pacientes de c\u00e1ncer en Gaza est\u00e1n sin atenci\u00f3n y medicinas"},"content":{"rendered":"<p style=\"text-align: justify;\"><span style=\"color: #800000;\"><strong>Jerusal\u00e9n ocupada, 08 feb (SANA)<\/strong> <\/span>Unos 10 mil pacientes de c\u00e1ncer en la Franja de Gaza est\u00e1n hoy privados de acceso a medicamentos y tratamientos debido a la agresi\u00f3n israel\u00ed contra el territorio.<\/p>\n<p style=\"text-align: justify;\">En un comunicado citado por Prensa Latina, la ONG Action Aid International alert\u00f3 en un comunicado que el sistema de salud en el enclave costero, donde viven 2,3 millones de palestinos, est\u00e1 al borde del colapso.<\/p>\n<p style=\"text-align: justify;\">El \u00fanico centro m\u00e9dico de Gaza especializado en el tratamiento de pacientes con c\u00e1ncer dej\u00f3 de funcionar a principios de noviembre \u00faltimo tras quedarse sin combustible y sufrir graves da\u00f1os debido a los ataques a\u00e9reos, subray\u00f3 la organizaci\u00f3n no gubernamental .<\/p>\n<p style=\"text-align: justify;\">Destac\u00f3 que pese a la urgente necesidad de suministros m\u00e9dicos, la cantidad de ayuda humanitaria que actualmente ingresa a Gaza es vergonzosamente baja, y las restricciones impuestas por las autoridades israel\u00edes a algunos suministros impiden la entrada de medicamentos y equipos vitales, como dispositivos de diagn\u00f3stico.<\/p>\n<p style=\"text-align: justify;\">fm\/sm<\/p>\n","protected":false},"excerpt":{"rendered":"<p>Jerusal\u00e9n ocupada, 08 feb (SANA) Unos 10 mil pacientes de c\u00e1ncer en la Franja de Gaza est\u00e1n hoy privados de acceso a medicamentos y tratamientos debido a la agresi\u00f3n israel\u00ed contra el territorio. En un comunicado citado por Prensa Latina, la ONG Action Aid International alert\u00f3 en un comunicado que el sistema de salud en &hellip;<\/p>\n","protected":false},"author":39,"featured_media":321691,"comment_status":"closed","ping_status":"closed","sticky":false,"template":"","format":"standard","meta":{"footnotes":""},"categories":[597,456,16687,20724,7541],"tags":[],"class_list":["post-321690","post","type-post","status-publish","format-standard","has-post-thumbnail","","category-cinta-de-noticias","category-arabe-internacional-politica","category-internacionales","category-minuto-a-minuto","category-ultimas-noticias"],"_links":{"self":[{"href":"https:\/\/archive.sana.sy\/es\/index.php?rest_route=\/wp\/v2\/posts\/321690"}],"collection":[{"href":"https:\/\/archive.sana.sy\/es\/index.php?rest_route=\/wp\/v2\/posts"}],"about":[{"href":"https:\/\/archive.sana.sy\/es\/index.php?rest_route=\/wp\/v2\/types\/post"}],"author":[{"embeddable":true,"href":"https:\/\/archive.sana.sy\/es\/index.php?rest_route=\/wp\/v2\/users\/39"}],"replies":[{"embeddable":true,"href":"https:\/\/archive.sana.sy\/es\/index.php?rest_route=%2Fwp%2Fv2%2Fcomments&post=321690"}],"version-history":[{"count":1,"href":"https:\/\/archive.sana.sy\/es\/index.php?rest_route=\/wp\/v2\/posts\/321690\/revisions"}],"predecessor-version":[{"id":321692,"href":"https:\/\/archive.sana.sy\/es\/index.php?rest_route=\/wp\/v2\/posts\/321690\/revisions\/321692"}],"wp:featuredmedia":[{"embeddable":true,"href":"https:\/\/archive.sana.sy\/es\/index.php?rest_route=\/wp\/v2\/media\/321691"}],"wp:attachment":[{"href":"https:\/\/archive.sana.sy\/es\/index.php?rest_route=%2Fwp%2Fv2%2Fmedia&parent=321690"}],"wp:term":[{"taxonomy":"category","embeddable":true,"href":"https:\/\/archive.sana.sy\/es\/index.php?rest_route=%2Fwp%2Fv2%2Fcategories&post=321690"},{"taxonomy":"post_tag","embeddable":true,"href":"https:\/\/archive.sana.sy\/es\/index.php?rest_route=%2Fwp%2Fv2%2Ftags&post=321690"}],"curies":[{"name":"wp","href":"https:\/\/api.w.org\/{rel}","templated":true}]}}