{"id":321713,"date":"2024-02-08T19:23:58","date_gmt":"2024-02-08T16:23:58","guid":{"rendered":"https:\/\/sana.sy\/es\/?p=321713"},"modified":"2024-02-08T19:46:28","modified_gmt":"2024-02-08T16:46:28","slug":"resistencia-palestina-derriba-dron-del-ocupante-israeli-en-el-centro-de-gaza","status":"publish","type":"post","link":"https:\/\/archive.sana.sy\/es\/?p=321713","title":{"rendered":"Resistencia palestina derriba dron del ocupante israel\u00ed en el centro de Gaza"},"content":{"rendered":"<p style=\"text-align: justify;\"><span style=\"color: #800000;\"><strong>Jerusal\u00e9n ocupada, 8 feb (SANA)<\/strong><\/span> La resistencia palestina derrib\u00f3 este jueves un dron de las fuerzas del ocupante israel\u00ed, e infligi\u00f3 p\u00e9rdidas significativas en sus filas durante el 125 d\u00eda consecutivo de la persistente agresi\u00f3n de \u201cIsrael\u201d contra la Franja de Gaza.<\/p>\n<p style=\"text-align: justify;\">En un comunicado, la resistencia inform\u00f3 que sus combatientes derribaron un dron israel\u00ed, y atacaron con un misil guiado un grupo de soldados sionistas en el centro de la Franja de Gaza.<\/p>\n<p style=\"text-align: justify;\">La resistencia se\u00f1al\u00f3 que sus combatientes causaron bajas entre las tropas israel\u00edes despu\u00e9s de enfrentarse a ellas, as\u00ed como atacaron un tanque &#8220;Merkava&#8221; en las inmediaciones del cruce Al-Sinaa en la ciudad de Gaza.<\/p>\n<p style=\"text-align: justify;\">Asimismo, la resistencia destac\u00f3 que sus combatientes est\u00e1n librando feroces enfrentamientos con las fuerzas y veh\u00edculos del ocupante israel\u00ed \u00a0en la ciudad de Khan Yunis, al sur de la Franja.<\/p>\n<p style=\"text-align: justify;\">Mientras tanto, los medios de comunicaci\u00f3n israel\u00edes reconocieron que 12 soldados resultaron heridos en las \u00faltimas horas durante los continuos enfrentamientos con la resistencia palestina en la Franja de Gaza.<\/p>\n<p style=\"text-align: justify;\"><em><strong>ah<\/strong><\/em><\/p>\n","protected":false},"excerpt":{"rendered":"<p>Jerusal\u00e9n ocupada, 8 feb (SANA) La resistencia palestina derrib\u00f3 este jueves un dron de las fuerzas del ocupante israel\u00ed, e infligi\u00f3 p\u00e9rdidas significativas en sus filas durante el 125 d\u00eda consecutivo de la persistente agresi\u00f3n de \u201cIsrael\u201d contra la Franja de Gaza. En un comunicado, la resistencia inform\u00f3 que sus combatientes derribaron un dron israel\u00ed, &hellip;<\/p>\n","protected":false},"author":30,"featured_media":321714,"comment_status":"closed","ping_status":"closed","sticky":false,"template":"","format":"standard","meta":{"footnotes":""},"categories":[597,456,20724,7541],"tags":[],"class_list":["post-321713","post","type-post","status-publish","format-standard","has-post-thumbnail","","category-cinta-de-noticias","category-arabe-internacional-politica","category-minuto-a-minuto","category-ultimas-noticias"],"_links":{"self":[{"href":"https:\/\/archive.sana.sy\/es\/index.php?rest_route=\/wp\/v2\/posts\/321713"}],"collection":[{"href":"https:\/\/archive.sana.sy\/es\/index.php?rest_route=\/wp\/v2\/posts"}],"about":[{"href":"https:\/\/archive.sana.sy\/es\/index.php?rest_route=\/wp\/v2\/types\/post"}],"author":[{"embeddable":true,"href":"https:\/\/archive.sana.sy\/es\/index.php?rest_route=\/wp\/v2\/users\/30"}],"replies":[{"embeddable":true,"href":"https:\/\/archive.sana.sy\/es\/index.php?rest_route=%2Fwp%2Fv2%2Fcomments&post=321713"}],"version-history":[{"count":2,"href":"https:\/\/archive.sana.sy\/es\/index.php?rest_route=\/wp\/v2\/posts\/321713\/revisions"}],"predecessor-version":[{"id":321716,"href":"https:\/\/archive.sana.sy\/es\/index.php?rest_route=\/wp\/v2\/posts\/321713\/revisions\/321716"}],"wp:featuredmedia":[{"embeddable":true,"href":"https:\/\/archive.sana.sy\/es\/index.php?rest_route=\/wp\/v2\/media\/321714"}],"wp:attachment":[{"href":"https:\/\/archive.sana.sy\/es\/index.php?rest_route=%2Fwp%2Fv2%2Fmedia&parent=321713"}],"wp:term":[{"taxonomy":"category","embeddable":true,"href":"https:\/\/archive.sana.sy\/es\/index.php?rest_route=%2Fwp%2Fv2%2Fcategories&post=321713"},{"taxonomy":"post_tag","embeddable":true,"href":"https:\/\/archive.sana.sy\/es\/index.php?rest_route=%2Fwp%2Fv2%2Ftags&post=321713"}],"curies":[{"name":"wp","href":"https:\/\/api.w.org\/{rel}","templated":true}]}}