{"id":321799,"date":"2024-02-09T18:26:40","date_gmt":"2024-02-09T15:26:40","guid":{"rendered":"https:\/\/sana.sy\/es\/?p=321799"},"modified":"2024-02-09T18:26:55","modified_gmt":"2024-02-09T15:26:55","slug":"cuando-denunciar-el-genocidio-es-un-peligro","status":"publish","type":"post","link":"https:\/\/archive.sana.sy\/es\/?p=321799","title":{"rendered":"Cuando denunciar el genocidio es un peligro"},"content":{"rendered":"<p style=\"text-align: justify;\"><span style=\"color: #800000;\"><strong>Damasco, 09 feb (SANA)\u00a0<\/strong><\/span> El mundo anda patas arriba, repetir\u00eda el escritor uruguayo Eduardo Galeano si conociera que el m\u00fasico brit\u00e1nico Roger Waters, cofundador de la banda de rock Pink Floyd, fue despedido por la discogr\u00e1fica BMG debido a sus condenas al genocidio israel\u00ed en Palestina.<\/p>\n<p style=\"text-align: justify;\">Seg\u00fan la revista Variety, la compa\u00f1\u00eda liquidar\u00e1 el acuerdo editorial de 2016 con el legendario compositor y guitarrista por sus \u00abopiniones controversiales\u00bb hacia Tel Aviv y Washington, por considerarlo culpable de apa\u00f1ar al r\u00e9gimen sionista en su \u00faltima campa\u00f1a de exterminio.<\/p>\n<p style=\"text-align: justify;\">En una entrevista el pasado a\u00f1o, el tambi\u00e9n cantante y activista pol\u00edtico denunci\u00f3 las presiones de los ejecutivos proisrael\u00edes de BMG, debido a los comentarios, considerados incendiarios, del l\u00edder de Pink Floyd sobre Israel, Ucrania y Estados Unidos, seg\u00fan The Times of Israel.<\/p>\n<p style=\"text-align: justify;\">Despu\u00e9s de asumir el cargo en julio de 2023, el nuevo director ejecutivo de la empresa, Thomas Coesfeld, cancel\u00f3 un acuerdo con Waters para volver a grabar el cl\u00e1sico \u00e1lbum \u00abThe Dark Side of the Moon\u00bb, de Pink Floyd, de 1973.<\/p>\n<p style=\"text-align: justify;\">A pesar de las amenazas en su contra y hacia otros intelectuales y artistas que se pronuncian contra tal barbarie, los v\u00eddeos en que actores famosos leen las acusaciones del caso de presunto \u201cgenocidio\u201d presentado por Sud\u00e1frica contra Israel ante la Corte Internacional de Justicia (CIJ) est\u00e1n recibiendo miles de visitas.<\/p>\n<p style=\"text-align: justify;\">En el canal de YouTube The Palestine Festival of Literature (El festival palestino de literatura), publicados en seis partes, 29 celebridades del mundo del espect\u00e1culo, el cine y la televisi\u00f3n muestran su apoyo a Palestina y su condena a Tel Aviv.<\/p>\n<p style=\"text-align: justify;\">Entre las celebridades se encuentran los actores de la serie de televisi\u00f3n Crown, Khalid Abdalla y Tobias Menzies, y los de la serie de televisi\u00f3n Game of Thrones, Charles Dance, Carice van Houten y Lena Headey.<\/p>\n<p style=\"text-align: justify;\">Tambi\u00e9n aparecieron ante la c\u00e1mara adem\u00e1s los actores Adam Bakri, de origen israel\u00ed, y Wallace Shawn, jud\u00edo, as\u00ed como la actriz Cynthia Nixon, que particip\u00f3 en la huelga de hambre exigiendo un alto el fuego frente a la Casa Blanca.<\/p>\n<p style=\"text-align: justify;\">El documentalista y ganador del \u00d3scar Michael Moore envi\u00f3 una carta abierta al presidente Joe Biden, la cual entre otras cosas, se\u00f1ala que tal vez este es el momento para reconocer p\u00fablicamente que el supuesto apoyo de su Gobierno a Israel es m\u00e1s bien parte de la pol\u00edtica estadounidense de los \u00faltimos 75 a\u00f1os.<\/p>\n<p style=\"text-align: justify;\">\u201cHemos financiado y construido la naci\u00f3n de Israel como nuestra base personal de operaciones para proteger nuestros intereses en Medio Oriente\u201d, escribi\u00f3.<\/p>\n<p style=\"text-align: justify;\">\u201cY claro, esos intereses son petr\u00f3leo, ocupaci\u00f3n, m\u00e1s petr\u00f3leo, invasiones, recaudaci\u00f3n de inteligencia y hasta m\u00e1s petr\u00f3leo, y contener el Islam, la gente morena y otra formas de vida que consideramos \u2018sub-humanas\u2019\u2026. \u00bfNo debemos confesar?\u2026 Creo que la mayor\u00eda del mundo apreciar\u00eda un momento de honestidad\u201d, apunt\u00f3 Moore.<\/p>\n<p style=\"text-align: justify;\">Los acontecimientos en Gaza radicalizan a muchas personas en todo el mundo, un proceso que encontr\u00f3 una v\u00edvida expresi\u00f3n en la protesta de un mill\u00f3n de personas en Londres el pasado 11 de noviembre y las manifestaciones de cientos de miles en todo el mundo a mediados de ese mes en 2023.<\/p>\n<p style=\"text-align: justify;\">En Estados Unidos, ocho mil artistas, escritores y otros trabajadores firmaron una declaraci\u00f3n expl\u00edcita en contra de la barbarie.<\/p>\n<p style=\"text-align: justify;\">\u201cApoyamos la liberaci\u00f3n de Palestina y pedimos que se ponga fin a la matanza y el da\u00f1o a todos los civiles, que se establezca un alto el fuego inmediato, que se permita el paso de la ayuda humanitaria a Gaza y se ponga fin a la complicidad de nuestros \u00f3rganos de gobierno en las graves violaciones de los derechos humanos y los cr\u00edmenes de guerra\u201d, indic\u00f3 el texto.<\/p>\n<p style=\"text-align: justify;\">En Espa\u00f1a, m\u00e1s de 350 personalidades de la cultura, entre ellos Marisa Paredes, Juan Diego Botto, Emma Su\u00e1rez, Ramonc\u00edn y Rozal\u00e9n, suscribieron un documento \u201ccondenando la masacre en Gaza y la inacci\u00f3n ante el genocidio contra el pueblo palestino\u201d.<\/p>\n<p style=\"text-align: justify;\">El \u201cManifiesto de la cultura espa\u00f1ola contra el genocidio de Gaza\u201d exige un alto al fuego inmediato, la apertura urgente de corredores humanitarios, pide al gobierno espa\u00f1ol que act\u00fae para que sean sancionadas todas las violaciones de los derechos humanos, y rechaza cualquier desplazamiento forzado de la poblaci\u00f3n palestina.<\/p>\n<p style=\"text-align: justify;\">Tambi\u00e9n piden que cesen inmediatamente los ataques de los colonos en los territorios ocupados de Cisjordania y denuncian \u201clos asesinatos en Palestina, que en los \u00faltimos meses se estaban dando de forma alarmante, con el silencio internacional y medi\u00e1tico\u201d. Entre los firmantes y quienes acudieron a presentarlo est\u00e1n adem\u00e1s Montxo Armend\u00e1riz, Ismael Serrano, Cristina del Valle, Ana Fern\u00e1ndez, Llu\u00eds Pasqual, Itziar Castro, Nacho Campillo, Beatriz Rico, Sergi L\u00f3pez, Nuria Gallardo, Coque Malla, Kiti M\u00e1nver, Silvia Mars\u00f3, Carmen Par\u00eds, Lu\u00eds Pastor, Marw\u00e1n, Amparo S\u00e1nchez (Amparanoia) y Lydia Cacho.<\/p>\n<p style=\"text-align: justify;\">En el Reino Unido, m\u00e1s de dos mil cineastas, actores, artistas visuales, dramaturgos, m\u00fasicos, fot\u00f3grafos, poetas, autores, comediantes, productores, directores, DJs, arquitectos y dise\u00f1adores firmaron una carta abierta en la que afirmaban que \u201cnuestros gobiernos no solo toleran los cr\u00edmenes de guerra, sino que los ayudan e instigan\u201d.<\/p>\n<p style=\"text-align: justify;\">EL MUNDO AL REV\u00c9S<\/p>\n<p style=\"text-align: justify;\">Sin embargo, resulta evidente que, junto a la extrema derecha, el macartismo revive en algunos pa\u00edses. Las personas condenadas, encarceladas, relegadas, despedidas u obligadas a dimitir, silenciadas, criminalizadas, hostigadas o amenazadas por denunciar la masacre israel\u00ed en Gaza se cuentan por miles.<\/p>\n<p style=\"text-align: justify;\">Al estilo de la caza de brujas de los a\u00f1os 50, el pasado 5 de diciembre la congresista Elise Stefanik interrog\u00f3 con el cl\u00e1sico \u201cconteste s\u00ed o no\u201d a Claudine Gay, presidenta de la Universidad de Harvard, si condenaba el uso de la frase \u201cDesde el r\u00edo hasta el mar, Palestina ser\u00e1 libre\u201d y los c\u00e1nticos llamando a la \u201cIntifada\u201d por parte de su alumnado.<\/p>\n<p style=\"text-align: justify;\">Adem\u00e1s de asegurar de manera p\u00fablica que tal discurso es \u201codioso\u201d, \u201ctemerario\u201d, \u201cofensivo\u201d y \u201caborrecible\u201d, la representante republicana consider\u00f3 necesaria la posibilidad de abrir expedientes disciplinarios a los alumnos que las utilicen.<\/p>\n<p style=\"text-align: justify;\">El 2 de enero de este a\u00f1o, la primera rectora afroamericana de Harvard present\u00f3 su dimisi\u00f3n entre acusaciones de plagio, insultos racistas, adem\u00e1s de ser acusada de responder con tibieza en el juicio pol\u00edtico ante el Congreso de Estados Unidos acerca de si tomar\u00eda o no medidas contra los estudiantes que cantaran en apoyo a Palestina.<\/p>\n<p style=\"text-align: justify;\">No son pocos los gobiernos que proh\u00edben las manifestaciones, marchas, uso de s\u00edmbolos y lemas de condena a los ataques israel\u00edes y en apoyo a la causa palestina.<\/p>\n<p style=\"text-align: justify;\">En Reino Unido la ministra del Interior, Suella Braverman, traslad\u00f3 instrucciones a la polic\u00eda de perseguir c\u00e1nticos como \u201cFrom the River to the Sea\u201d al considerarlo la \u201cexpresi\u00f3n de un deseo violento de ver a Israel borrado del mundo\u201d.<\/p>\n<p style=\"text-align: justify;\">La ministra tambi\u00e9n instaba a tomar medidas contra banderas, canciones o lemas que pudieran molestar a la comunidad jud\u00eda. Seg\u00fan Braverman, en ciertos contextos, ondear la bandera palestina puede ser catalogado como un comportamiento \u201cno leg\u00edtimo\u201d.<\/p>\n<p style=\"text-align: justify;\">Cuatro meses se cumplieron el 8 de febrero del inicio de la masacre israel\u00ed, mientras en Francia sigue siendo ilegal manifestarse por Palestina, aunque el Gobierno autoriz\u00f3 algunas marchas, como la gran movilizaci\u00f3n del 4 de noviembre en Par\u00eds. Otras, como las manifestaciones del 31 de diciembre, desafiaron la prohibici\u00f3n y reunieron a miles de personas. Seg\u00fan Islamic Human Rights Commission (IHRC), organizaci\u00f3n de derechos humanos asentada en Londres, tanto Reino Unido como Francia y Alemania est\u00e1n \u201cviolando el derecho a la libertad de opini\u00f3n y expresi\u00f3n, de reuni\u00f3n pac\u00edfica y de asociaci\u00f3n\u201d.<\/p>\n<p style=\"text-align: justify;\">En un informe presentado a la Organizaci\u00f3n de Naciones Unidas en diciembre de 2023, esta comisi\u00f3n denunci\u00f3 que la represi\u00f3n contra la protesta y la solidaridad con Palestina est\u00e1n alcanzando niveles \u201calarmantes\u201d.<\/p>\n<p style=\"text-align: justify;\">La persecuci\u00f3n y cancelaci\u00f3n de presentaciones de artistas cr\u00edticos con los ataques sobre Gaza en Alemania alcanzaron su m\u00e1xima expresi\u00f3n el pasado 4 de enero, cuando el Ayuntamiento de Berl\u00edn anunci\u00f3 que exigir\u00e1 a instituciones culturales firmar una declaraci\u00f3n contra el antisemitismo, el racismo y la homofobia como condici\u00f3n previa para recibir apoyo financiero de la ciudad.<\/p>\n<p style=\"text-align: justify;\">Seg\u00fan la Alianza Internacional para el Recuerdo del Holocausto (IHRA) y el Estado alem\u00e1n, cualquier ataque a Israel puede ser entendido como antisemita.<\/p>\n<p style=\"text-align: justify;\">Teniendo en cuenta esa definici\u00f3n, Berl\u00edn considera antisemitismo tambi\u00e9n comparar el genocidio nazi con cualquier acto perpetrado por Tel Aviv, decisi\u00f3n que es denunciada por m\u00e1s de un centenar de organizaciones de derechos humanos.<\/p>\n<p style=\"text-align: justify;\">\u201cAl fin del milenio, el mundo al rev\u00e9s est\u00e1 a la vista: es el mundo tal cual es, con la izquierda a la derecha, el ombligo en la espalda y la cabeza en los pies\u201d, escribi\u00f3 el genial Galeano en Buenos Aires, entre 1973 y 1974, durante su exilio.<\/p>\n<p style=\"text-align: justify;\">Y agreg\u00f3: \u201cPatas arriba tiene muchos c\u00f3mplices. Es un placer denunciarlos\u201d, un llamado que debemos asumir hoy todas las personas de bien, que sientan en carne propia el dolor de Palestina y su pueblo.<\/p>\n<p style=\"text-align: justify;\">Por Mario Mu\u00f1oz Lozano<br \/>\nJefe de la Redacci\u00f3n de Cultura<\/p>\n<p style=\"text-align: justify;\">Fuente: Prensa Latina<\/p>\n","protected":false},"excerpt":{"rendered":"<p>Damasco, 09 feb (SANA)\u00a0 El mundo anda patas arriba, repetir\u00eda el escritor uruguayo Eduardo Galeano si conociera que el m\u00fasico brit\u00e1nico Roger Waters, cofundador de la banda de rock Pink Floyd, fue despedido por la discogr\u00e1fica BMG debido a sus condenas al genocidio israel\u00ed en Palestina. Seg\u00fan la revista Variety, la compa\u00f1\u00eda liquidar\u00e1 el acuerdo &hellip;<\/p>\n","protected":false},"author":39,"featured_media":321800,"comment_status":"closed","ping_status":"closed","sticky":false,"template":"","format":"standard","meta":{"footnotes":""},"categories":[16929,597,456,16687,20724,7541],"tags":[],"class_list":["post-321799","post","type-post","status-publish","format-standard","has-post-thumbnail","","category-articulos-de-opinion","category-cinta-de-noticias","category-arabe-internacional-politica","category-internacionales","category-minuto-a-minuto","category-ultimas-noticias"],"_links":{"self":[{"href":"https:\/\/archive.sana.sy\/es\/index.php?rest_route=\/wp\/v2\/posts\/321799"}],"collection":[{"href":"https:\/\/archive.sana.sy\/es\/index.php?rest_route=\/wp\/v2\/posts"}],"about":[{"href":"https:\/\/archive.sana.sy\/es\/index.php?rest_route=\/wp\/v2\/types\/post"}],"author":[{"embeddable":true,"href":"https:\/\/archive.sana.sy\/es\/index.php?rest_route=\/wp\/v2\/users\/39"}],"replies":[{"embeddable":true,"href":"https:\/\/archive.sana.sy\/es\/index.php?rest_route=%2Fwp%2Fv2%2Fcomments&post=321799"}],"version-history":[{"count":2,"href":"https:\/\/archive.sana.sy\/es\/index.php?rest_route=\/wp\/v2\/posts\/321799\/revisions"}],"predecessor-version":[{"id":321802,"href":"https:\/\/archive.sana.sy\/es\/index.php?rest_route=\/wp\/v2\/posts\/321799\/revisions\/321802"}],"wp:featuredmedia":[{"embeddable":true,"href":"https:\/\/archive.sana.sy\/es\/index.php?rest_route=\/wp\/v2\/media\/321800"}],"wp:attachment":[{"href":"https:\/\/archive.sana.sy\/es\/index.php?rest_route=%2Fwp%2Fv2%2Fmedia&parent=321799"}],"wp:term":[{"taxonomy":"category","embeddable":true,"href":"https:\/\/archive.sana.sy\/es\/index.php?rest_route=%2Fwp%2Fv2%2Fcategories&post=321799"},{"taxonomy":"post_tag","embeddable":true,"href":"https:\/\/archive.sana.sy\/es\/index.php?rest_route=%2Fwp%2Fv2%2Ftags&post=321799"}],"curies":[{"name":"wp","href":"https:\/\/api.w.org\/{rel}","templated":true}]}}