{"id":321803,"date":"2024-02-09T18:56:50","date_gmt":"2024-02-09T15:56:50","guid":{"rendered":"https:\/\/sana.sy\/es\/?p=321803"},"modified":"2024-02-09T18:58:42","modified_gmt":"2024-02-09T15:58:42","slug":"israel-asesina-a-107-palestinos-en-gaza-durante-las-ultimas-24-horas","status":"publish","type":"post","link":"https:\/\/archive.sana.sy\/es\/?p=321803","title":{"rendered":"\u201cIsrael\u201d asesina a 107 palestinos en Gaza durante las \u00faltimas 24 horas"},"content":{"rendered":"<p style=\"text-align: justify;\"><strong><span style=\"color: #800000;\">Jerusal\u00e9n ocupada, 09 feb (SANA)<\/span>\u00a0<\/strong>\u00a0El Ministerio palestino de Salud anunci\u00f3 que el ocupante israel\u00ed cometi\u00f3 13 masacres en la Franja de Gaza durante las \u00faltimas 24 horas, dejando 107 muertos y 142 heridos.<\/p>\n<p style=\"text-align: justify;\">La entidad inform\u00f3 hoy mediante un comunicado que el n\u00famero de v\u00edctimas de la actual agresi\u00f3n israel\u00ed en la Franja de Gaza, que ya lleva 126 d\u00edas, aument\u00f3 a 27.947 muertos y 67.459 heridos.<\/p>\n<p style=\"text-align: justify;\">Adem\u00e1s, se\u00f1al\u00f3 que un n\u00famero de v\u00edctimas todav\u00eda est\u00e1n bajo entre los escombros y en las carreteras, ya que las tropas del ocupante sionista impide que las ambulancias y los equipos de defensa civil lleguen hasta ellos.<\/p>\n<p style=\"text-align: justify;\">Asimismo, confirm\u00f3 que el ej\u00e9rcito israel\u00ed asesin\u00f3 deliberadamente a 340 miembros del personal sanitario de los hospitales durante su agresi\u00f3n contra la Franja y destruy\u00f3 123 ambulancias.<\/p>\n<p style=\"text-align: justify;\">sm<\/p>\n","protected":false},"excerpt":{"rendered":"<p>Jerusal\u00e9n ocupada, 09 feb (SANA)\u00a0\u00a0El Ministerio palestino de Salud anunci\u00f3 que el ocupante israel\u00ed cometi\u00f3 13 masacres en la Franja de Gaza durante las \u00faltimas 24 horas, dejando 107 muertos y 142 heridos. La entidad inform\u00f3 hoy mediante un comunicado que el n\u00famero de v\u00edctimas de la actual agresi\u00f3n israel\u00ed en la Franja de Gaza, &hellip;<\/p>\n","protected":false},"author":39,"featured_media":321804,"comment_status":"closed","ping_status":"closed","sticky":false,"template":"","format":"standard","meta":{"footnotes":""},"categories":[597,456,16687,20724,7541],"tags":[],"class_list":["post-321803","post","type-post","status-publish","format-standard","has-post-thumbnail","","category-cinta-de-noticias","category-arabe-internacional-politica","category-internacionales","category-minuto-a-minuto","category-ultimas-noticias"],"_links":{"self":[{"href":"https:\/\/archive.sana.sy\/es\/index.php?rest_route=\/wp\/v2\/posts\/321803"}],"collection":[{"href":"https:\/\/archive.sana.sy\/es\/index.php?rest_route=\/wp\/v2\/posts"}],"about":[{"href":"https:\/\/archive.sana.sy\/es\/index.php?rest_route=\/wp\/v2\/types\/post"}],"author":[{"embeddable":true,"href":"https:\/\/archive.sana.sy\/es\/index.php?rest_route=\/wp\/v2\/users\/39"}],"replies":[{"embeddable":true,"href":"https:\/\/archive.sana.sy\/es\/index.php?rest_route=%2Fwp%2Fv2%2Fcomments&post=321803"}],"version-history":[{"count":3,"href":"https:\/\/archive.sana.sy\/es\/index.php?rest_route=\/wp\/v2\/posts\/321803\/revisions"}],"predecessor-version":[{"id":321807,"href":"https:\/\/archive.sana.sy\/es\/index.php?rest_route=\/wp\/v2\/posts\/321803\/revisions\/321807"}],"wp:featuredmedia":[{"embeddable":true,"href":"https:\/\/archive.sana.sy\/es\/index.php?rest_route=\/wp\/v2\/media\/321804"}],"wp:attachment":[{"href":"https:\/\/archive.sana.sy\/es\/index.php?rest_route=%2Fwp%2Fv2%2Fmedia&parent=321803"}],"wp:term":[{"taxonomy":"category","embeddable":true,"href":"https:\/\/archive.sana.sy\/es\/index.php?rest_route=%2Fwp%2Fv2%2Fcategories&post=321803"},{"taxonomy":"post_tag","embeddable":true,"href":"https:\/\/archive.sana.sy\/es\/index.php?rest_route=%2Fwp%2Fv2%2Ftags&post=321803"}],"curies":[{"name":"wp","href":"https:\/\/api.w.org\/{rel}","templated":true}]}}