{"id":32183,"date":"2015-10-24T15:40:33","date_gmt":"2015-10-24T12:40:33","guid":{"rendered":"http:\/\/sana.sy\/es\/?p=32183"},"modified":"2023-01-09T14:09:42","modified_gmt":"2023-01-09T12:09:42","slug":"tres-martires-tras-un-ataque-terrorista-con-misil-contra-un-barrio-de-alepo","status":"publish","type":"post","link":"https:\/\/archive.sana.sy\/es\/?p=32183","title":{"rendered":"Tres m\u00e1rtires tras un ataque terrorista contra un barrio de Alepo"},"content":{"rendered":"<p><span style=\"color: #800000\">Alepo, SANA<\/span><\/p>\n<p>Tres personas perdieron la vida tras un ataque terrorista con un misil contra la ciudad de Alepo.<\/p>\n<p>Una fuente en la provincia septentrional revel\u00f3 que un misil disparado por terrorista impact\u00f3 este s\u00e1bado en un edificio en la plaza de al-Qalaayi en el barrio de Sharee al-Nil, lo que dej\u00f3 tres m\u00e1rtires y tres heridos.<\/p>\n<p>El mismo barrio hab\u00eda sido blanco de un semejante ataque el jueves pasado, el cual ocasion\u00f3 cuatro m\u00e1rtires y dej\u00f3 tres heridos.<\/p>\n<p>&nbsp;<\/p>\n<p>Lynn A.<\/p>\n","protected":false},"excerpt":{"rendered":"<p>Alepo, SANA Tres personas perdieron la vida tras un ataque terrorista con un misil contra la ciudad de Alepo. Una fuente en la provincia septentrional revel\u00f3 que un misil disparado por terrorista impact\u00f3 este s\u00e1bado en un edificio en la plaza de al-Qalaayi en el barrio de Sharee al-Nil, lo que dej\u00f3 tres m\u00e1rtires y &hellip;<\/p>\n","protected":false},"author":24,"featured_media":29195,"comment_status":"closed","ping_status":"closed","sticky":false,"template":"","format":"standard","meta":{"footnotes":""},"categories":[477,597,573,476],"tags":[7170],"class_list":["post-32183","post","type-post","status-publish","format-standard","has-post-thumbnail","","category-noticias-edulcorantes","category-cinta-de-noticias","category-la-realidad-de-los-acontecimientos-en-siria","category-locales","tag-tres-martires-tras-un-ataque-terrorista-con-misil-contra-un-barrio-de-alepo"],"_links":{"self":[{"href":"https:\/\/archive.sana.sy\/es\/index.php?rest_route=\/wp\/v2\/posts\/32183"}],"collection":[{"href":"https:\/\/archive.sana.sy\/es\/index.php?rest_route=\/wp\/v2\/posts"}],"about":[{"href":"https:\/\/archive.sana.sy\/es\/index.php?rest_route=\/wp\/v2\/types\/post"}],"author":[{"embeddable":true,"href":"https:\/\/archive.sana.sy\/es\/index.php?rest_route=\/wp\/v2\/users\/24"}],"replies":[{"embeddable":true,"href":"https:\/\/archive.sana.sy\/es\/index.php?rest_route=%2Fwp%2Fv2%2Fcomments&post=32183"}],"version-history":[{"count":0,"href":"https:\/\/archive.sana.sy\/es\/index.php?rest_route=\/wp\/v2\/posts\/32183\/revisions"}],"wp:featuredmedia":[{"embeddable":true,"href":"https:\/\/archive.sana.sy\/es\/index.php?rest_route=\/wp\/v2\/media\/29195"}],"wp:attachment":[{"href":"https:\/\/archive.sana.sy\/es\/index.php?rest_route=%2Fwp%2Fv2%2Fmedia&parent=32183"}],"wp:term":[{"taxonomy":"category","embeddable":true,"href":"https:\/\/archive.sana.sy\/es\/index.php?rest_route=%2Fwp%2Fv2%2Fcategories&post=32183"},{"taxonomy":"post_tag","embeddable":true,"href":"https:\/\/archive.sana.sy\/es\/index.php?rest_route=%2Fwp%2Fv2%2Ftags&post=32183"}],"curies":[{"name":"wp","href":"https:\/\/api.w.org\/{rel}","templated":true}]}}