{"id":321841,"date":"2024-02-10T14:54:42","date_gmt":"2024-02-10T11:54:42","guid":{"rendered":"https:\/\/sana.sy\/es\/?p=321841"},"modified":"2024-02-10T14:54:42","modified_gmt":"2024-02-10T11:54:42","slug":"el-observatorio-euromediterraneo-desde-la-emision-de-la-decision-de-la-cij-israel-asesino-a-miles-de-palestinos","status":"publish","type":"post","link":"https:\/\/archive.sana.sy\/es\/?p=321841","title":{"rendered":"El Observatorio Euromediterr\u00e1neo: desde la emisi\u00f3n de la decisi\u00f3n de la (CIJ), \u201cIsrael\u201d asesin\u00f3 a miles de palestinos"},"content":{"rendered":"<p style=\"text-align: justify;\"><span style=\"color: #800000;\"><strong>Ginebra, 10 feb (SANA)\u00a0<\/strong><\/span> El Observatorio Euromediterr\u00e1neo de Derechos Humanos confirm\u00f3 que \u201cIsrael\u201d contin\u00faa su genocidio en la Franja de Gaza, 15 d\u00edas despu\u00e9s de que la Corte Internacional de Justicia (CIJ) decidiera imponer medidas para proteger a los palestinos.<\/p>\n<p style=\"text-align: justify;\">\u201cDocumentamos el asesinato de m\u00e1s de 1.864 palestinos, incluidos 690 ni\u00f1os y 441 mujeres, adem\u00e1s de m\u00e1s de 2.933 heridos, desde la emisi\u00f3n de la decisi\u00f3n de la (CIJ), adem\u00e1s el ocupante israel\u00ed sigue asesinando a los civiles, priv\u00e1ndoles de sus derechos humanos m\u00e1s b\u00e1sicos y asediarlos dej\u00e1ndolos sin comida, agua y medicinas\u201d, declaro la entidad en un comunicado.<\/p>\n<p style=\"text-align: justify;\">El Observatorio agreg\u00f3 que \u201cIsrael\u201d persiste en su amplia y sistem\u00e1tica destrucci\u00f3n de zonas, barrios residenciales e infraestructura civil, lo que hace de la Franja de Gaza un lugar inhabitable.<\/p>\n<p style=\"text-align: justify;\">Asimismo, explic\u00f3 que el ocupante sionista intensific\u00f3 sus medidas para obstruir la llegada de ayuda humanitaria a la Franja de Gaza a trav\u00e9s de varios mecanismos, incluida la interrupci\u00f3n del paso de camiones y apuntar a aquellos que se dirigen a las localidades del norte de Gaza.<\/p>\n<p>sm\/ed<\/p>\n","protected":false},"excerpt":{"rendered":"<p>Ginebra, 10 feb (SANA)\u00a0 El Observatorio Euromediterr\u00e1neo de Derechos Humanos confirm\u00f3 que \u201cIsrael\u201d contin\u00faa su genocidio en la Franja de Gaza, 15 d\u00edas despu\u00e9s de que la Corte Internacional de Justicia (CIJ) decidiera imponer medidas para proteger a los palestinos. \u201cDocumentamos el asesinato de m\u00e1s de 1.864 palestinos, incluidos 690 ni\u00f1os y 441 mujeres, adem\u00e1s &hellip;<\/p>\n","protected":false},"author":32,"featured_media":321842,"comment_status":"closed","ping_status":"closed","sticky":false,"template":"","format":"standard","meta":{"footnotes":""},"categories":[597,456,20724,7541],"tags":[],"class_list":["post-321841","post","type-post","status-publish","format-standard","has-post-thumbnail","","category-cinta-de-noticias","category-arabe-internacional-politica","category-minuto-a-minuto","category-ultimas-noticias"],"_links":{"self":[{"href":"https:\/\/archive.sana.sy\/es\/index.php?rest_route=\/wp\/v2\/posts\/321841"}],"collection":[{"href":"https:\/\/archive.sana.sy\/es\/index.php?rest_route=\/wp\/v2\/posts"}],"about":[{"href":"https:\/\/archive.sana.sy\/es\/index.php?rest_route=\/wp\/v2\/types\/post"}],"author":[{"embeddable":true,"href":"https:\/\/archive.sana.sy\/es\/index.php?rest_route=\/wp\/v2\/users\/32"}],"replies":[{"embeddable":true,"href":"https:\/\/archive.sana.sy\/es\/index.php?rest_route=%2Fwp%2Fv2%2Fcomments&post=321841"}],"version-history":[{"count":1,"href":"https:\/\/archive.sana.sy\/es\/index.php?rest_route=\/wp\/v2\/posts\/321841\/revisions"}],"predecessor-version":[{"id":321843,"href":"https:\/\/archive.sana.sy\/es\/index.php?rest_route=\/wp\/v2\/posts\/321841\/revisions\/321843"}],"wp:featuredmedia":[{"embeddable":true,"href":"https:\/\/archive.sana.sy\/es\/index.php?rest_route=\/wp\/v2\/media\/321842"}],"wp:attachment":[{"href":"https:\/\/archive.sana.sy\/es\/index.php?rest_route=%2Fwp%2Fv2%2Fmedia&parent=321841"}],"wp:term":[{"taxonomy":"category","embeddable":true,"href":"https:\/\/archive.sana.sy\/es\/index.php?rest_route=%2Fwp%2Fv2%2Fcategories&post=321841"},{"taxonomy":"post_tag","embeddable":true,"href":"https:\/\/archive.sana.sy\/es\/index.php?rest_route=%2Fwp%2Fv2%2Ftags&post=321841"}],"curies":[{"name":"wp","href":"https:\/\/api.w.org\/{rel}","templated":true}]}}