{"id":321872,"date":"2024-02-10T17:06:20","date_gmt":"2024-02-10T14:06:20","guid":{"rendered":"https:\/\/sana.sy\/es\/?p=321872"},"modified":"2024-02-10T17:06:20","modified_gmt":"2024-02-10T14:06:20","slug":"casi-100-mil-palestinos-entre-muertos-heridos-y-desaparecidos-durante-127-dias-de-genocidio-israeli-en-gaza","status":"publish","type":"post","link":"https:\/\/archive.sana.sy\/es\/?p=321872","title":{"rendered":"Casi 100 mil palestinos entre muertos, heridos y desaparecidos durante 127 d\u00edas de genocidio israel\u00ed en Gaza"},"content":{"rendered":"<p style=\"text-align: justify;\"><span style=\"color: #800000;\"><strong>Jerusal\u00e9n, 10 feb (SANA)<\/strong> <\/span>El Ministerio de Salud palestino inform\u00f3 hoy sobre la muerte de 117 palestinos durante las \u00faltimas 24 horas por bombardeos y acciones de genocidio cometidas por el ej\u00e9rcito de ocupaci\u00f3n israel\u00ed en la Franja de Gaza.<\/p>\n<p style=\"text-align: justify;\">Por medio de un comunicado, el ente de salud indic\u00f3 que 16 masacres contra familias palestinas fueron cometidas por los militares del r\u00e9gimen israel\u00ed en el \u00faltimo d\u00eda, y agreg\u00f3 que adem\u00e1s de las v\u00edctimas mortales, hubo 152 personas lesionadas.<\/p>\n<p style=\"text-align: justify;\">El n\u00famero total de v\u00edctimas durante 127 d\u00edas de guerra israel\u00ed contra Gaza ascendi\u00f3 a 28.064 muertos y 67.611 heridos, puntualiz\u00f3 el Ministerio.<\/p>\n<p style=\"text-align: justify;\">Esta cifra no incluye a los casi 7000 desaparecidos palestinos que se encuentran bajo los escombros o sus cuerpos est\u00e1n tirados en las calles y las ambulancias no pueden llegar a los mismos debido al fuego del ej\u00e9rcito israel\u00ed.<\/p>\n<p style=\"text-align: justify;\">Cabe resaltar que al menos 10.000 ni\u00f1os palestinos se encuentran entre la cifra de muertos.<\/p>\n<p style=\"text-align: justify;\">fm\/as<\/p>\n","protected":false},"excerpt":{"rendered":"<p>Jerusal\u00e9n, 10 feb (SANA) El Ministerio de Salud palestino inform\u00f3 hoy sobre la muerte de 117 palestinos durante las \u00faltimas 24 horas por bombardeos y acciones de genocidio cometidas por el ej\u00e9rcito de ocupaci\u00f3n israel\u00ed en la Franja de Gaza. Por medio de un comunicado, el ente de salud indic\u00f3 que 16 masacres contra familias &hellip;<\/p>\n","protected":false},"author":42,"featured_media":321873,"comment_status":"closed","ping_status":"closed","sticky":false,"template":"","format":"standard","meta":{"footnotes":""},"categories":[597,456,16687,20724,583],"tags":[],"class_list":["post-321872","post","type-post","status-publish","format-standard","has-post-thumbnail","","category-cinta-de-noticias","category-arabe-internacional-politica","category-internacionales","category-minuto-a-minuto","category-slide"],"_links":{"self":[{"href":"https:\/\/archive.sana.sy\/es\/index.php?rest_route=\/wp\/v2\/posts\/321872"}],"collection":[{"href":"https:\/\/archive.sana.sy\/es\/index.php?rest_route=\/wp\/v2\/posts"}],"about":[{"href":"https:\/\/archive.sana.sy\/es\/index.php?rest_route=\/wp\/v2\/types\/post"}],"author":[{"embeddable":true,"href":"https:\/\/archive.sana.sy\/es\/index.php?rest_route=\/wp\/v2\/users\/42"}],"replies":[{"embeddable":true,"href":"https:\/\/archive.sana.sy\/es\/index.php?rest_route=%2Fwp%2Fv2%2Fcomments&post=321872"}],"version-history":[{"count":1,"href":"https:\/\/archive.sana.sy\/es\/index.php?rest_route=\/wp\/v2\/posts\/321872\/revisions"}],"predecessor-version":[{"id":321874,"href":"https:\/\/archive.sana.sy\/es\/index.php?rest_route=\/wp\/v2\/posts\/321872\/revisions\/321874"}],"wp:featuredmedia":[{"embeddable":true,"href":"https:\/\/archive.sana.sy\/es\/index.php?rest_route=\/wp\/v2\/media\/321873"}],"wp:attachment":[{"href":"https:\/\/archive.sana.sy\/es\/index.php?rest_route=%2Fwp%2Fv2%2Fmedia&parent=321872"}],"wp:term":[{"taxonomy":"category","embeddable":true,"href":"https:\/\/archive.sana.sy\/es\/index.php?rest_route=%2Fwp%2Fv2%2Fcategories&post=321872"},{"taxonomy":"post_tag","embeddable":true,"href":"https:\/\/archive.sana.sy\/es\/index.php?rest_route=%2Fwp%2Fv2%2Ftags&post=321872"}],"curies":[{"name":"wp","href":"https:\/\/api.w.org\/{rel}","templated":true}]}}