{"id":321908,"date":"2024-02-11T10:01:45","date_gmt":"2024-02-11T07:01:45","guid":{"rendered":"https:\/\/sana.sy\/es\/?p=321908"},"modified":"2024-02-11T20:34:05","modified_gmt":"2024-02-11T17:34:05","slug":"parlamento-iraqui-exige-implementacion-de-la-decision-de-sacar-las-fuerzas-extranjeras-del-pais","status":"publish","type":"post","link":"https:\/\/archive.sana.sy\/es\/?p=321908","title":{"rendered":"Parlamento iraqu\u00ed exige implementaci\u00f3n de la decisi\u00f3n de sacar las fuerzas extranjeras del pa\u00eds"},"content":{"rendered":"<p style=\"text-align: justify;\"><span style=\"color: #800000;\"><strong>Bagdad, 11 feb (SANA)<\/strong><\/span>\u00a0 \u00a0El Parlamento iraqu\u00ed pidi\u00f3 hoy al gobierno que implemente la decisi\u00f3n de retirar las fuerzas extranjeras del pa\u00eds, y ratific\u00f3 su en\u00e9rgica condena a las agresiones estadounidenses contra las fuerzas iraqu\u00edes.<\/p>\n<p style=\"text-align: justify;\">El presidente interino de la C\u00e1mara de Representantes, Mohsen Al-Mandalawi, declar\u00f3 que el Parlamento insta al gobierno a implementar la decisi\u00f3n relacionada con la retirada de las fuerzas extranjeras y que ponga fin a sus funciones en el pa\u00eds teniendo en cuenta el desarrollo de las capacidades de las fuerzas de seguridad iraqu\u00edes y la ausencia de cualquier nuevo acuerdo con las fuerzas extranjeras para que permanezcan\u201d.<\/p>\n<p style=\"text-align: justify;\">\u201cEl Consejo denuncia y rechaza los ataques contra territorio iraqu\u00ed, y condena en\u00e9rgicamente los ataques estadounidenses contra las Fuerzas de Movilizaci\u00f3n Popular y sus l\u00edderes\u201d. Indic\u00f3 Al-Mandalawi.<\/p>\n<p style=\"text-align: justify;\">Pidi\u00f3 al gobierno que adopte las medidas diplom\u00e1ticas necesarias para proteger la soberan\u00eda, seguridad y estabilidad de Irak y para prevenir todo tipo de ataques, y que no permita que el pa\u00eds se convierta en un escenario para ajustar cuentas.<\/p>\n<p style=\"text-align: justify;\">fm\/ws<\/p>\n","protected":false},"excerpt":{"rendered":"<p>Bagdad, 11 feb (SANA)\u00a0 \u00a0El Parlamento iraqu\u00ed pidi\u00f3 hoy al gobierno que implemente la decisi\u00f3n de retirar las fuerzas extranjeras del pa\u00eds, y ratific\u00f3 su en\u00e9rgica condena a las agresiones estadounidenses contra las fuerzas iraqu\u00edes. El presidente interino de la C\u00e1mara de Representantes, Mohsen Al-Mandalawi, declar\u00f3 que el Parlamento insta al gobierno a implementar la &hellip;<\/p>\n","protected":false},"author":35,"featured_media":321909,"comment_status":"closed","ping_status":"closed","sticky":false,"template":"","format":"standard","meta":{"footnotes":""},"categories":[597,456,16687,7541],"tags":[],"class_list":["post-321908","post","type-post","status-publish","format-standard","has-post-thumbnail","","category-cinta-de-noticias","category-arabe-internacional-politica","category-internacionales","category-ultimas-noticias"],"_links":{"self":[{"href":"https:\/\/archive.sana.sy\/es\/index.php?rest_route=\/wp\/v2\/posts\/321908"}],"collection":[{"href":"https:\/\/archive.sana.sy\/es\/index.php?rest_route=\/wp\/v2\/posts"}],"about":[{"href":"https:\/\/archive.sana.sy\/es\/index.php?rest_route=\/wp\/v2\/types\/post"}],"author":[{"embeddable":true,"href":"https:\/\/archive.sana.sy\/es\/index.php?rest_route=\/wp\/v2\/users\/35"}],"replies":[{"embeddable":true,"href":"https:\/\/archive.sana.sy\/es\/index.php?rest_route=%2Fwp%2Fv2%2Fcomments&post=321908"}],"version-history":[{"count":1,"href":"https:\/\/archive.sana.sy\/es\/index.php?rest_route=\/wp\/v2\/posts\/321908\/revisions"}],"predecessor-version":[{"id":321910,"href":"https:\/\/archive.sana.sy\/es\/index.php?rest_route=\/wp\/v2\/posts\/321908\/revisions\/321910"}],"wp:featuredmedia":[{"embeddable":true,"href":"https:\/\/archive.sana.sy\/es\/index.php?rest_route=\/wp\/v2\/media\/321909"}],"wp:attachment":[{"href":"https:\/\/archive.sana.sy\/es\/index.php?rest_route=%2Fwp%2Fv2%2Fmedia&parent=321908"}],"wp:term":[{"taxonomy":"category","embeddable":true,"href":"https:\/\/archive.sana.sy\/es\/index.php?rest_route=%2Fwp%2Fv2%2Fcategories&post=321908"},{"taxonomy":"post_tag","embeddable":true,"href":"https:\/\/archive.sana.sy\/es\/index.php?rest_route=%2Fwp%2Fv2%2Ftags&post=321908"}],"curies":[{"name":"wp","href":"https:\/\/api.w.org\/{rel}","templated":true}]}}