{"id":321933,"date":"2024-02-11T11:50:15","date_gmt":"2024-02-11T08:50:15","guid":{"rendered":"https:\/\/sana.sy\/es\/?p=321933"},"modified":"2024-02-11T14:08:54","modified_gmt":"2024-02-11T11:08:54","slug":"eau-confirma-la-muerte-de-tres-de-sus-soldados-y-de-un-oficial-bahreini-en-somalia","status":"publish","type":"post","link":"https:\/\/archive.sana.sy\/es\/?p=321933","title":{"rendered":"EAU confirma la muerte de tres de sus soldados y de un oficial bahrein\u00ed en Somalia"},"content":{"rendered":"<p style=\"text-align: justify;\"><span style=\"color: #800000;\"><strong>Abu Dabi, 11 feb (SANA)<\/strong> \u00a0<\/span>El Ministerio de Defensa de Emiratos \u00c1rabes Unidos (EAU) anunci\u00f3 la muerte de 3 efectivos de sus Fuerzas Armadas y de un oficial de Bahrein, adem\u00e1s de la lesi\u00f3n de otros dos, en atentado terrorista en la Rep\u00fablica de Somalia.<\/p>\n<p style=\"text-align: justify;\">El Ministerio explic\u00f3 en un comunicado difundido por la Agencia de Noticias de los Emiratos (WAM) que el incidente se produjo &#8220;mientras los efectivos realizaban sus tareas de entrenamiento y cualificaci\u00f3n de las Fuerzas Armadas de Somalia, en virtud de un acuerdo bilateral entre EAU y la Rep\u00fablica de Somalia&#8221;.<\/p>\n<p style=\"text-align: justify;\">Asegur\u00f3 que Abu Dabi coordina y coopera con el gobierno somal\u00ed para investigar los detalles de este acto terrorista.<\/p>\n<p style=\"text-align: justify;\"><strong>fm\/ws<\/strong><\/p>\n","protected":false},"excerpt":{"rendered":"<p>Abu Dabi, 11 feb (SANA) \u00a0El Ministerio de Defensa de Emiratos \u00c1rabes Unidos (EAU) anunci\u00f3 la muerte de 3 efectivos de sus Fuerzas Armadas y de un oficial de Bahrein, adem\u00e1s de la lesi\u00f3n de otros dos, en atentado terrorista en la Rep\u00fablica de Somalia. El Ministerio explic\u00f3 en un comunicado difundido por la Agencia &hellip;<\/p>\n","protected":false},"author":35,"featured_media":321934,"comment_status":"closed","ping_status":"closed","sticky":false,"template":"","format":"standard","meta":{"footnotes":""},"categories":[597,456,16687,7541],"tags":[],"class_list":["post-321933","post","type-post","status-publish","format-standard","has-post-thumbnail","","category-cinta-de-noticias","category-arabe-internacional-politica","category-internacionales","category-ultimas-noticias"],"_links":{"self":[{"href":"https:\/\/archive.sana.sy\/es\/index.php?rest_route=\/wp\/v2\/posts\/321933"}],"collection":[{"href":"https:\/\/archive.sana.sy\/es\/index.php?rest_route=\/wp\/v2\/posts"}],"about":[{"href":"https:\/\/archive.sana.sy\/es\/index.php?rest_route=\/wp\/v2\/types\/post"}],"author":[{"embeddable":true,"href":"https:\/\/archive.sana.sy\/es\/index.php?rest_route=\/wp\/v2\/users\/35"}],"replies":[{"embeddable":true,"href":"https:\/\/archive.sana.sy\/es\/index.php?rest_route=%2Fwp%2Fv2%2Fcomments&post=321933"}],"version-history":[{"count":3,"href":"https:\/\/archive.sana.sy\/es\/index.php?rest_route=\/wp\/v2\/posts\/321933\/revisions"}],"predecessor-version":[{"id":321944,"href":"https:\/\/archive.sana.sy\/es\/index.php?rest_route=\/wp\/v2\/posts\/321933\/revisions\/321944"}],"wp:featuredmedia":[{"embeddable":true,"href":"https:\/\/archive.sana.sy\/es\/index.php?rest_route=\/wp\/v2\/media\/321934"}],"wp:attachment":[{"href":"https:\/\/archive.sana.sy\/es\/index.php?rest_route=%2Fwp%2Fv2%2Fmedia&parent=321933"}],"wp:term":[{"taxonomy":"category","embeddable":true,"href":"https:\/\/archive.sana.sy\/es\/index.php?rest_route=%2Fwp%2Fv2%2Fcategories&post=321933"},{"taxonomy":"post_tag","embeddable":true,"href":"https:\/\/archive.sana.sy\/es\/index.php?rest_route=%2Fwp%2Fv2%2Ftags&post=321933"}],"curies":[{"name":"wp","href":"https:\/\/api.w.org\/{rel}","templated":true}]}}