{"id":321937,"date":"2024-02-11T13:32:41","date_gmt":"2024-02-11T10:32:41","guid":{"rendered":"https:\/\/sana.sy\/es\/?p=321937"},"modified":"2024-02-11T13:33:16","modified_gmt":"2024-02-11T10:33:16","slug":"manifestantes-irrumpen-en-el-museo-de-arte-moderno-de-nueva-york-para-exigir-fin-de-crimenes-israelies-en-gaza","status":"publish","type":"post","link":"https:\/\/archive.sana.sy\/es\/?p=321937","title":{"rendered":"Manifestantes irrumpen en el Museo de Arte Moderno de Nueva York para exigir fin de cr\u00edmenes israel\u00edes en Gaza"},"content":{"rendered":"<p style=\"text-align: justify;\"><span style=\"color: #800000;\"><strong>Washington, 11 feb (SANA)<\/strong><\/span>\u00a0 \u00a0Cientos de activistas expresaron su solidaridad con Gaza y llenaron el vest\u00edbulo principal del conocido \u201cMuseo de Arte Moderno\u201d en Manhattan en Nueva York, coreando consignas y levantando carteles para exigir un alto el fuego mientras Israel intensifica sus bombardeos contra la Franja de Gaza.<\/p>\n<p style=\"text-align: justify;\">La agencia palestina Wafa inform\u00f3 que la administraci\u00f3n del museo cerr\u00f3 sus puertas, despu\u00e9s de que los manifestantes realizaran una sentada en el interior del edificio y exigieran el despido de algunos de los miembros por sus relaciones con empresas fabricantes de armas que suministran material b\u00e9lico al r\u00e9gimen israel\u00ed.<\/p>\n<p style=\"text-align: justify;\">En un contexto relacionado, m\u00e1s de 100 trabajadores del sector cultural de los Museos Metropolitanos de Arte de Brooklyn y el Estudio emitieron una carta abierta para protestar contra el silencio de estas instituciones ante el genocidio de \u201cIsrael\u201d en el enclave palestino.<\/p>\n<p style=\"text-align: justify;\"><strong>ws\/fm<\/strong><\/p>\n","protected":false},"excerpt":{"rendered":"<p>Washington, 11 feb (SANA)\u00a0 \u00a0Cientos de activistas expresaron su solidaridad con Gaza y llenaron el vest\u00edbulo principal del conocido \u201cMuseo de Arte Moderno\u201d en Manhattan en Nueva York, coreando consignas y levantando carteles para exigir un alto el fuego mientras Israel intensifica sus bombardeos contra la Franja de Gaza. La agencia palestina Wafa inform\u00f3 que &hellip;<\/p>\n","protected":false},"author":35,"featured_media":321938,"comment_status":"closed","ping_status":"closed","sticky":false,"template":"","format":"standard","meta":{"footnotes":""},"categories":[597,456,16687,20724,7541],"tags":[],"class_list":["post-321937","post","type-post","status-publish","format-standard","has-post-thumbnail","","category-cinta-de-noticias","category-arabe-internacional-politica","category-internacionales","category-minuto-a-minuto","category-ultimas-noticias"],"_links":{"self":[{"href":"https:\/\/archive.sana.sy\/es\/index.php?rest_route=\/wp\/v2\/posts\/321937"}],"collection":[{"href":"https:\/\/archive.sana.sy\/es\/index.php?rest_route=\/wp\/v2\/posts"}],"about":[{"href":"https:\/\/archive.sana.sy\/es\/index.php?rest_route=\/wp\/v2\/types\/post"}],"author":[{"embeddable":true,"href":"https:\/\/archive.sana.sy\/es\/index.php?rest_route=\/wp\/v2\/users\/35"}],"replies":[{"embeddable":true,"href":"https:\/\/archive.sana.sy\/es\/index.php?rest_route=%2Fwp%2Fv2%2Fcomments&post=321937"}],"version-history":[{"count":3,"href":"https:\/\/archive.sana.sy\/es\/index.php?rest_route=\/wp\/v2\/posts\/321937\/revisions"}],"predecessor-version":[{"id":321941,"href":"https:\/\/archive.sana.sy\/es\/index.php?rest_route=\/wp\/v2\/posts\/321937\/revisions\/321941"}],"wp:featuredmedia":[{"embeddable":true,"href":"https:\/\/archive.sana.sy\/es\/index.php?rest_route=\/wp\/v2\/media\/321938"}],"wp:attachment":[{"href":"https:\/\/archive.sana.sy\/es\/index.php?rest_route=%2Fwp%2Fv2%2Fmedia&parent=321937"}],"wp:term":[{"taxonomy":"category","embeddable":true,"href":"https:\/\/archive.sana.sy\/es\/index.php?rest_route=%2Fwp%2Fv2%2Fcategories&post=321937"},{"taxonomy":"post_tag","embeddable":true,"href":"https:\/\/archive.sana.sy\/es\/index.php?rest_route=%2Fwp%2Fv2%2Ftags&post=321937"}],"curies":[{"name":"wp","href":"https:\/\/api.w.org\/{rel}","templated":true}]}}