{"id":322011,"date":"2024-02-12T08:39:13","date_gmt":"2024-02-12T05:39:13","guid":{"rendered":"https:\/\/sana.sy\/es\/?p=322011"},"modified":"2024-02-12T08:43:27","modified_gmt":"2024-02-12T05:43:27","slug":"siria-e-iran-ratifican-estrategicas-relaciones","status":"publish","type":"post","link":"https:\/\/archive.sana.sy\/es\/?p=322011","title":{"rendered":"Siria e Ir\u00e1n ratifican estrat\u00e9gicas relaciones"},"content":{"rendered":"<blockquote>\n<p style=\"text-align: justify;\"><span style=\"color: #800000;\"><strong>&#8220;Teher\u00e1n seguir\u00e1 apoyando al gobierno y al pueblo sirios, y est\u00e1 dispuesto a brindar asistencia en todos los niveles, especialmente en lo pol\u00edtico y econ\u00f3mico&#8221;<\/strong><\/span><\/p>\n<\/blockquote>\n<p style=\"text-align: justify;\"><span style=\"color: #800000;\"><strong>Damasco, 12 feb (SANA)<\/strong> <\/span>El ministro sirio de Asuntos Exteriores y Expatriados, Faisal Al-Mekdad felicit\u00f3 hoy al pueblo y gobierno iran\u00edes por el cuadrag\u00e9simo quinto aniversario de la victoria de la Revoluci\u00f3n Isl\u00e1mica, y asegur\u00f3 que las relaciones entre Damasco y Teher\u00e1n son s\u00f3lidas.<\/p>\n<p><img loading=\"lazy\" decoding=\"async\" class=\"size-medium wp-image-322014 alignright\" src=\"http:\/\/sana.sy\/es\/wp-content\/uploads\/2024\/02\/DSC_7531-300x195.jpg\" alt=\"\" width=\"300\" height=\"195\" srcset=\"https:\/\/archive.sana.sy\/es\/wp-content\/uploads\/2024\/02\/DSC_7531-300x195.jpg 300w, https:\/\/archive.sana.sy\/es\/wp-content\/uploads\/2024\/02\/DSC_7531-1024x666.jpg 1024w, https:\/\/archive.sana.sy\/es\/wp-content\/uploads\/2024\/02\/DSC_7531-150x98.jpg 150w, https:\/\/archive.sana.sy\/es\/wp-content\/uploads\/2024\/02\/DSC_7531-768x500.jpg 768w, https:\/\/archive.sana.sy\/es\/wp-content\/uploads\/2024\/02\/DSC_7531-1536x1000.jpg 1536w, https:\/\/archive.sana.sy\/es\/wp-content\/uploads\/2024\/02\/DSC_7531-2048x1333.jpg 2048w\" sizes=\"(max-width: 300px) 100vw, 300px\" \/><\/p>\n<p style=\"text-align: justify;\">&#8220;Luchamos por liberar las tierras usurpadas, recuperar los derechos y expulsar a todos los ocupantes extranjeros&#8221;, dijo el Canciller en unas palabras pronunciadas durante una recepci\u00f3n organizada por la Embajada de Ir\u00e1n en Damasco con motivo del aniversario de la Revoluci\u00f3n Isl\u00e1mica.<\/p>\n<p style=\"text-align: justify;\">Destac\u00f3 que las relaciones entre los dos pa\u00edses se han fortalecido gracias al intercambio de visitas y los acuerdos firmados, y resalt\u00f3 el apoyo iran\u00ed a Siria en su lucha contra el terrorismo y en aras de la liberaci\u00f3n de las tierras \u00e1rabes ocupadas, incluido el Gol\u00e1n sirio ocupado.<\/p>\n<p style=\"text-align: justify;\">\u201cSiria est\u00e1 luchando junto al pueblo palestino y enfrenta la agresi\u00f3n de Estados Unidos e Israel porque apoya la verdad, la justicia y la lucha del pueblo palestino\u201d, afirm\u00f3.<\/p>\n<p style=\"text-align: justify;\">Por su parte, el ministro iran\u00ed de Asuntos Exteriores, Hossein Amir Abdollahian, expres\u00f3 su alegr\u00eda por asistir a la conmemoraci\u00f3n del aniversario de la Revoluci\u00f3n Isl\u00e1mica en Damasco, y subray\u00f3 o que las relaciones entre Ir\u00e1n y Siria est\u00e1n experimentando progreso en diversos \u00e1mbitos.<\/p>\n<p style=\"text-align: justify;\">Mientras el embajador iran\u00ed Hussein Akbari calific\u00f3 las relaciones entre los dos pa\u00edses de hist\u00f3ricas y tienen un destino com\u00fan.<\/p>\n<p style=\"text-align: justify;\">Teher\u00e1n seguir\u00e1 apoyando al gobierno y al pueblo sirios, y est\u00e1 dispuesto a brindar asistencia en todos los niveles, especialmente en lo pol\u00edtico y econ\u00f3mico, dijo el diplom\u00e1tico.<\/p>\n<p style=\"text-align: justify;\">Akbari conden\u00f3 la presencia ilegal de elementos y fuerzas extranjeras en territorio sirio y las agresiones israel\u00edes.<\/p>\n<p style=\"text-align: justify;\">En declaraciones a la prensa, la asesora especial de la Presidencia de la Rep\u00fablica, Bouzeina Shaaban, indic\u00f3 que la celebraci\u00f3n del aniversario de la Revoluci\u00f3n Isl\u00e1mica expresa la fuerza y profundidad de los v\u00ednculos basados en principios y el inter\u00e9s com\u00fan de los dos pueblos.<\/p>\n<div id='gallery-1' class='gallery galleryid-322011 gallery-columns-1 gallery-size-full'><figure class='gallery-item'>\n\t\t\t<div class='gallery-icon landscape'>\n\t\t\t\t<a href='https:\/\/archive.sana.sy\/es\/wp-content\/uploads\/2024\/02\/DSC_7510-scaled.jpg'><img loading=\"lazy\" decoding=\"async\" width=\"2560\" height=\"1852\" src=\"https:\/\/archive.sana.sy\/es\/wp-content\/uploads\/2024\/02\/DSC_7510-scaled.jpg\" class=\"attachment-full size-full\" alt=\"\" srcset=\"https:\/\/archive.sana.sy\/es\/wp-content\/uploads\/2024\/02\/DSC_7510-scaled.jpg 2560w, https:\/\/archive.sana.sy\/es\/wp-content\/uploads\/2024\/02\/DSC_7510-300x217.jpg 300w, https:\/\/archive.sana.sy\/es\/wp-content\/uploads\/2024\/02\/DSC_7510-1024x741.jpg 1024w, https:\/\/archive.sana.sy\/es\/wp-content\/uploads\/2024\/02\/DSC_7510-150x109.jpg 150w, https:\/\/archive.sana.sy\/es\/wp-content\/uploads\/2024\/02\/DSC_7510-768x556.jpg 768w, https:\/\/archive.sana.sy\/es\/wp-content\/uploads\/2024\/02\/DSC_7510-1536x1111.jpg 1536w, https:\/\/archive.sana.sy\/es\/wp-content\/uploads\/2024\/02\/DSC_7510-2048x1482.jpg 2048w\" sizes=\"(max-width: 2560px) 100vw, 2560px\" \/><\/a>\n\t\t\t<\/div><\/figure><figure class='gallery-item'>\n\t\t\t<div class='gallery-icon landscape'>\n\t\t\t\t<a href='https:\/\/archive.sana.sy\/es\/wp-content\/uploads\/2024\/02\/DSC_7525-scaled.jpg'><img loading=\"lazy\" decoding=\"async\" width=\"2560\" height=\"1824\" src=\"https:\/\/archive.sana.sy\/es\/wp-content\/uploads\/2024\/02\/DSC_7525-scaled.jpg\" class=\"attachment-full size-full\" alt=\"\" srcset=\"https:\/\/archive.sana.sy\/es\/wp-content\/uploads\/2024\/02\/DSC_7525-scaled.jpg 2560w, https:\/\/archive.sana.sy\/es\/wp-content\/uploads\/2024\/02\/DSC_7525-300x214.jpg 300w, https:\/\/archive.sana.sy\/es\/wp-content\/uploads\/2024\/02\/DSC_7525-1024x730.jpg 1024w, https:\/\/archive.sana.sy\/es\/wp-content\/uploads\/2024\/02\/DSC_7525-150x107.jpg 150w, https:\/\/archive.sana.sy\/es\/wp-content\/uploads\/2024\/02\/DSC_7525-768x547.jpg 768w, https:\/\/archive.sana.sy\/es\/wp-content\/uploads\/2024\/02\/DSC_7525-1536x1095.jpg 1536w, https:\/\/archive.sana.sy\/es\/wp-content\/uploads\/2024\/02\/DSC_7525-2048x1460.jpg 2048w\" sizes=\"(max-width: 2560px) 100vw, 2560px\" \/><\/a>\n\t\t\t<\/div><\/figure><figure class='gallery-item'>\n\t\t\t<div class='gallery-icon landscape'>\n\t\t\t\t<a href='https:\/\/archive.sana.sy\/es\/wp-content\/uploads\/2024\/02\/DSC_7580-scaled.jpg'><img loading=\"lazy\" decoding=\"async\" width=\"2560\" height=\"1707\" src=\"https:\/\/archive.sana.sy\/es\/wp-content\/uploads\/2024\/02\/DSC_7580-scaled.jpg\" class=\"attachment-full size-full\" alt=\"\" srcset=\"https:\/\/archive.sana.sy\/es\/wp-content\/uploads\/2024\/02\/DSC_7580-scaled.jpg 2560w, https:\/\/archive.sana.sy\/es\/wp-content\/uploads\/2024\/02\/DSC_7580-300x200.jpg 300w, https:\/\/archive.sana.sy\/es\/wp-content\/uploads\/2024\/02\/DSC_7580-1024x683.jpg 1024w, https:\/\/archive.sana.sy\/es\/wp-content\/uploads\/2024\/02\/DSC_7580-150x100.jpg 150w, https:\/\/archive.sana.sy\/es\/wp-content\/uploads\/2024\/02\/DSC_7580-768x512.jpg 768w, https:\/\/archive.sana.sy\/es\/wp-content\/uploads\/2024\/02\/DSC_7580-1536x1024.jpg 1536w, https:\/\/archive.sana.sy\/es\/wp-content\/uploads\/2024\/02\/DSC_7580-2048x1365.jpg 2048w\" sizes=\"(max-width: 2560px) 100vw, 2560px\" \/><\/a>\n\t\t\t<\/div><\/figure><figure class='gallery-item'>\n\t\t\t<div class='gallery-icon landscape'>\n\t\t\t\t<a href='https:\/\/archive.sana.sy\/es\/wp-content\/uploads\/2024\/02\/DSC_7583-scaled.jpg'><img loading=\"lazy\" decoding=\"async\" width=\"2560\" height=\"1707\" src=\"https:\/\/archive.sana.sy\/es\/wp-content\/uploads\/2024\/02\/DSC_7583-scaled.jpg\" class=\"attachment-full size-full\" alt=\"\" srcset=\"https:\/\/archive.sana.sy\/es\/wp-content\/uploads\/2024\/02\/DSC_7583-scaled.jpg 2560w, https:\/\/archive.sana.sy\/es\/wp-content\/uploads\/2024\/02\/DSC_7583-300x200.jpg 300w, https:\/\/archive.sana.sy\/es\/wp-content\/uploads\/2024\/02\/DSC_7583-1024x683.jpg 1024w, https:\/\/archive.sana.sy\/es\/wp-content\/uploads\/2024\/02\/DSC_7583-150x100.jpg 150w, https:\/\/archive.sana.sy\/es\/wp-content\/uploads\/2024\/02\/DSC_7583-768x512.jpg 768w, https:\/\/archive.sana.sy\/es\/wp-content\/uploads\/2024\/02\/DSC_7583-1536x1024.jpg 1536w, https:\/\/archive.sana.sy\/es\/wp-content\/uploads\/2024\/02\/DSC_7583-2048x1365.jpg 2048w\" sizes=\"(max-width: 2560px) 100vw, 2560px\" \/><\/a>\n\t\t\t<\/div><\/figure><figure class='gallery-item'>\n\t\t\t<div class='gallery-icon landscape'>\n\t\t\t\t<a href='https:\/\/archive.sana.sy\/es\/wp-content\/uploads\/2024\/02\/DSC_7587-scaled.jpg'><img loading=\"lazy\" decoding=\"async\" width=\"2560\" height=\"1522\" src=\"https:\/\/archive.sana.sy\/es\/wp-content\/uploads\/2024\/02\/DSC_7587-scaled.jpg\" class=\"attachment-full size-full\" alt=\"\" srcset=\"https:\/\/archive.sana.sy\/es\/wp-content\/uploads\/2024\/02\/DSC_7587-scaled.jpg 2560w, https:\/\/archive.sana.sy\/es\/wp-content\/uploads\/2024\/02\/DSC_7587-300x178.jpg 300w, https:\/\/archive.sana.sy\/es\/wp-content\/uploads\/2024\/02\/DSC_7587-1024x609.jpg 1024w, https:\/\/archive.sana.sy\/es\/wp-content\/uploads\/2024\/02\/DSC_7587-150x89.jpg 150w, https:\/\/archive.sana.sy\/es\/wp-content\/uploads\/2024\/02\/DSC_7587-768x457.jpg 768w, https:\/\/archive.sana.sy\/es\/wp-content\/uploads\/2024\/02\/DSC_7587-1536x913.jpg 1536w, https:\/\/archive.sana.sy\/es\/wp-content\/uploads\/2024\/02\/DSC_7587-2048x1217.jpg 2048w\" sizes=\"(max-width: 2560px) 100vw, 2560px\" \/><\/a>\n\t\t\t<\/div><\/figure><figure class='gallery-item'>\n\t\t\t<div class='gallery-icon landscape'>\n\t\t\t\t<a href='https:\/\/archive.sana.sy\/es\/wp-content\/uploads\/2024\/02\/DSC_7631-scaled.jpg'><img loading=\"lazy\" decoding=\"async\" width=\"2560\" height=\"1744\" src=\"https:\/\/archive.sana.sy\/es\/wp-content\/uploads\/2024\/02\/DSC_7631-scaled.jpg\" class=\"attachment-full size-full\" alt=\"\" srcset=\"https:\/\/archive.sana.sy\/es\/wp-content\/uploads\/2024\/02\/DSC_7631-scaled.jpg 2560w, https:\/\/archive.sana.sy\/es\/wp-content\/uploads\/2024\/02\/DSC_7631-300x204.jpg 300w, https:\/\/archive.sana.sy\/es\/wp-content\/uploads\/2024\/02\/DSC_7631-1024x698.jpg 1024w, https:\/\/archive.sana.sy\/es\/wp-content\/uploads\/2024\/02\/DSC_7631-150x102.jpg 150w, https:\/\/archive.sana.sy\/es\/wp-content\/uploads\/2024\/02\/DSC_7631-768x523.jpg 768w, https:\/\/archive.sana.sy\/es\/wp-content\/uploads\/2024\/02\/DSC_7631-1536x1047.jpg 1536w, https:\/\/archive.sana.sy\/es\/wp-content\/uploads\/2024\/02\/DSC_7631-2048x1395.jpg 2048w, https:\/\/archive.sana.sy\/es\/wp-content\/uploads\/2024\/02\/DSC_7631-110x75.jpg 110w\" sizes=\"(max-width: 2560px) 100vw, 2560px\" \/><\/a>\n\t\t\t<\/div><\/figure><figure class='gallery-item'>\n\t\t\t<div class='gallery-icon landscape'>\n\t\t\t\t<a href='https:\/\/archive.sana.sy\/es\/wp-content\/uploads\/2024\/02\/DSC_7645-scaled.jpg'><img loading=\"lazy\" decoding=\"async\" width=\"2560\" height=\"1707\" src=\"https:\/\/archive.sana.sy\/es\/wp-content\/uploads\/2024\/02\/DSC_7645-scaled.jpg\" class=\"attachment-full size-full\" alt=\"\" srcset=\"https:\/\/archive.sana.sy\/es\/wp-content\/uploads\/2024\/02\/DSC_7645-scaled.jpg 2560w, https:\/\/archive.sana.sy\/es\/wp-content\/uploads\/2024\/02\/DSC_7645-300x200.jpg 300w, https:\/\/archive.sana.sy\/es\/wp-content\/uploads\/2024\/02\/DSC_7645-1024x683.jpg 1024w, https:\/\/archive.sana.sy\/es\/wp-content\/uploads\/2024\/02\/DSC_7645-150x100.jpg 150w, https:\/\/archive.sana.sy\/es\/wp-content\/uploads\/2024\/02\/DSC_7645-768x512.jpg 768w, https:\/\/archive.sana.sy\/es\/wp-content\/uploads\/2024\/02\/DSC_7645-1536x1024.jpg 1536w, https:\/\/archive.sana.sy\/es\/wp-content\/uploads\/2024\/02\/DSC_7645-2048x1365.jpg 2048w\" sizes=\"(max-width: 2560px) 100vw, 2560px\" \/><\/a>\n\t\t\t<\/div><\/figure>\n\t\t<\/div>\n\n<p style=\"text-align: justify;\"><span style=\"color: #800000;\"><strong>fm\/ws<\/strong><\/span><\/p>\n","protected":false},"excerpt":{"rendered":"<p>&#8220;Teher\u00e1n seguir\u00e1 apoyando al gobierno y al pueblo sirios, y est\u00e1 dispuesto a brindar asistencia en todos los niveles, especialmente en lo pol\u00edtico y econ\u00f3mico&#8221; Damasco, 12 feb (SANA) El ministro sirio de Asuntos Exteriores y Expatriados, Faisal Al-Mekdad felicit\u00f3 hoy al pueblo y gobierno iran\u00edes por el cuadrag\u00e9simo quinto aniversario de la victoria de &hellip;<\/p>\n","protected":false},"author":35,"featured_media":322012,"comment_status":"closed","ping_status":"closed","sticky":false,"template":"","format":"standard","meta":{"footnotes":""},"categories":[597,20724,476,7541],"tags":[],"class_list":["post-322011","post","type-post","status-publish","format-standard","has-post-thumbnail","","category-cinta-de-noticias","category-minuto-a-minuto","category-locales","category-ultimas-noticias"],"_links":{"self":[{"href":"https:\/\/archive.sana.sy\/es\/index.php?rest_route=\/wp\/v2\/posts\/322011"}],"collection":[{"href":"https:\/\/archive.sana.sy\/es\/index.php?rest_route=\/wp\/v2\/posts"}],"about":[{"href":"https:\/\/archive.sana.sy\/es\/index.php?rest_route=\/wp\/v2\/types\/post"}],"author":[{"embeddable":true,"href":"https:\/\/archive.sana.sy\/es\/index.php?rest_route=\/wp\/v2\/users\/35"}],"replies":[{"embeddable":true,"href":"https:\/\/archive.sana.sy\/es\/index.php?rest_route=%2Fwp%2Fv2%2Fcomments&post=322011"}],"version-history":[{"count":3,"href":"https:\/\/archive.sana.sy\/es\/index.php?rest_route=\/wp\/v2\/posts\/322011\/revisions"}],"predecessor-version":[{"id":322023,"href":"https:\/\/archive.sana.sy\/es\/index.php?rest_route=\/wp\/v2\/posts\/322011\/revisions\/322023"}],"wp:featuredmedia":[{"embeddable":true,"href":"https:\/\/archive.sana.sy\/es\/index.php?rest_route=\/wp\/v2\/media\/322012"}],"wp:attachment":[{"href":"https:\/\/archive.sana.sy\/es\/index.php?rest_route=%2Fwp%2Fv2%2Fmedia&parent=322011"}],"wp:term":[{"taxonomy":"category","embeddable":true,"href":"https:\/\/archive.sana.sy\/es\/index.php?rest_route=%2Fwp%2Fv2%2Fcategories&post=322011"},{"taxonomy":"post_tag","embeddable":true,"href":"https:\/\/archive.sana.sy\/es\/index.php?rest_route=%2Fwp%2Fv2%2Ftags&post=322011"}],"curies":[{"name":"wp","href":"https:\/\/api.w.org\/{rel}","templated":true}]}}