{"id":322024,"date":"2024-02-12T10:21:03","date_gmt":"2024-02-12T07:21:03","guid":{"rendered":"https:\/\/sana.sy\/es\/?p=322024"},"modified":"2024-02-12T10:23:13","modified_gmt":"2024-02-12T07:23:13","slug":"mueren-tres-pacientes-en-el-hospital-al-amal-en-gaza-por-falta-de-oxigeno","status":"publish","type":"post","link":"https:\/\/archive.sana.sy\/es\/?p=322024","title":{"rendered":"Mueren tres pacientes en el hospital Al-Amal en Gaza por falta de ox\u00edgeno"},"content":{"rendered":"<blockquote>\n<p style=\"text-align: justify;\"><strong><span style=\"color: #800000;\">La Asociaci\u00f3n de la Media Luna Roja Palestina por medio de un comunicado, que el ocupante destruy\u00f3 dispositivos y equipos m\u00e9dicos durante su asalto al hospital, y tambi\u00e9n atac\u00f3 al personal, lo golpe\u00f3 e insult\u00f3, y luego arrest\u00f3 a 9 m\u00e9dicos y administrativos.<\/span><\/strong><\/p>\n<\/blockquote>\n<p style=\"text-align: justify;\"><span style=\"color: #800000;\"><strong>Jerusal\u00e9n ocupada, 12 feb (SANA)<\/strong>\u00a0 \u00a0<\/span>La Asociaci\u00f3n de la Media Luna Roja Palestina confirm\u00f3 hoy que el ocupante israel\u00ed impide hace aproximadamente una semana la entrada de ox\u00edgeno al hospital Al-Amal en Khan Yunis, en el sur de la Franja de Gaza, lo que provoc\u00f3 la muerte de tres pacientes.<\/p>\n<p style=\"text-align: justify;\">La asociaci\u00f3n inform\u00f3 por medio de un comunicado, que el ocupante destruy\u00f3 dispositivos y equipos m\u00e9dicos durante su asalto al hospital, y tambi\u00e9n atac\u00f3 al personal, lo golpe\u00f3 e insult\u00f3, y luego arrest\u00f3 a 9 m\u00e9dicos y administrativos.<\/p>\n<p style=\"text-align: justify;\">\u201cEl ocupante sigue impidiendo la entrada del combustible necesario para el funcionamiento de los generadores de electricidad, a pesar de que las reservas de combustible est\u00e1n a punto de agotarse, lo que amenaza con impedir que el hospital funcione\u201d, agreg\u00f3.<\/p>\n<p style=\"text-align: justify;\"><strong>fm\/ws<\/strong><\/p>\n","protected":false},"excerpt":{"rendered":"<p>La Asociaci\u00f3n de la Media Luna Roja Palestina por medio de un comunicado, que el ocupante destruy\u00f3 dispositivos y equipos m\u00e9dicos durante su asalto al hospital, y tambi\u00e9n atac\u00f3 al personal, lo golpe\u00f3 e insult\u00f3, y luego arrest\u00f3 a 9 m\u00e9dicos y administrativos. Jerusal\u00e9n ocupada, 12 feb (SANA)\u00a0 \u00a0La Asociaci\u00f3n de la Media Luna Roja &hellip;<\/p>\n","protected":false},"author":35,"featured_media":322026,"comment_status":"closed","ping_status":"closed","sticky":false,"template":"","format":"standard","meta":{"footnotes":""},"categories":[597,456,16687,20724,7541],"tags":[],"class_list":["post-322024","post","type-post","status-publish","format-standard","has-post-thumbnail","","category-cinta-de-noticias","category-arabe-internacional-politica","category-internacionales","category-minuto-a-minuto","category-ultimas-noticias"],"_links":{"self":[{"href":"https:\/\/archive.sana.sy\/es\/index.php?rest_route=\/wp\/v2\/posts\/322024"}],"collection":[{"href":"https:\/\/archive.sana.sy\/es\/index.php?rest_route=\/wp\/v2\/posts"}],"about":[{"href":"https:\/\/archive.sana.sy\/es\/index.php?rest_route=\/wp\/v2\/types\/post"}],"author":[{"embeddable":true,"href":"https:\/\/archive.sana.sy\/es\/index.php?rest_route=\/wp\/v2\/users\/35"}],"replies":[{"embeddable":true,"href":"https:\/\/archive.sana.sy\/es\/index.php?rest_route=%2Fwp%2Fv2%2Fcomments&post=322024"}],"version-history":[{"count":3,"href":"https:\/\/archive.sana.sy\/es\/index.php?rest_route=\/wp\/v2\/posts\/322024\/revisions"}],"predecessor-version":[{"id":322028,"href":"https:\/\/archive.sana.sy\/es\/index.php?rest_route=\/wp\/v2\/posts\/322024\/revisions\/322028"}],"wp:featuredmedia":[{"embeddable":true,"href":"https:\/\/archive.sana.sy\/es\/index.php?rest_route=\/wp\/v2\/media\/322026"}],"wp:attachment":[{"href":"https:\/\/archive.sana.sy\/es\/index.php?rest_route=%2Fwp%2Fv2%2Fmedia&parent=322024"}],"wp:term":[{"taxonomy":"category","embeddable":true,"href":"https:\/\/archive.sana.sy\/es\/index.php?rest_route=%2Fwp%2Fv2%2Fcategories&post=322024"},{"taxonomy":"post_tag","embeddable":true,"href":"https:\/\/archive.sana.sy\/es\/index.php?rest_route=%2Fwp%2Fv2%2Ftags&post=322024"}],"curies":[{"name":"wp","href":"https:\/\/api.w.org\/{rel}","templated":true}]}}