{"id":322029,"date":"2024-02-12T10:31:27","date_gmt":"2024-02-12T07:31:27","guid":{"rendered":"https:\/\/sana.sy\/es\/?p=322029"},"modified":"2024-02-12T10:32:34","modified_gmt":"2024-02-12T07:32:34","slug":"marchas-millonarias-en-ciudades-iranies-por-el-aniversario-45-de-la-victoria-de-la-revolucion-islamica","status":"publish","type":"post","link":"https:\/\/archive.sana.sy\/es\/?p=322029","title":{"rendered":"Marchas millonarias en ciudades iran\u00edes por el aniversario 45 de la victoria de la Revoluci\u00f3n Isl\u00e1mica"},"content":{"rendered":"<blockquote>\n<p style=\"text-align: justify;\"><strong><span style=\"color: #800000;\">Ciudadanos iran\u00edes de todo el pa\u00eds participaron en estas concentraciones populares que tuvieron lugar en m\u00e1s de 1.400 ciudades y 35.000 aldeas, donde cantaron consignas que denuncian a Israel y la hegemon\u00eda estadounidense.<\/span><\/strong><\/p>\n<\/blockquote>\n<p style=\"text-align: justify;\"><span style=\"color: #800000;\"><strong>Teher\u00e1n, 12 feb (SANA)\u00a0<\/strong> <\/span>Masivas marchas populares tuvieron lugar hoy en la capital Teher\u00e1n y todas las ciudades iran\u00edes, con motivo del 45 aniversario de la victoria de la Revoluci\u00f3n Isl\u00e1mica.<\/p>\n<p style=\"text-align: justify;\">Ciudadanos iran\u00edes de todo el pa\u00eds participaron en estas concentraciones populares que tuvieron lugar en m\u00e1s de 1.400 ciudades y 35.000 aldeas, donde cantaron consignas que denuncian a Israel y la hegemon\u00eda estadounidense.<\/p>\n<p style=\"text-align: justify;\">Asimismo, se organizar\u00e1n varios eventos donde se destacaron los logros del pa\u00eds relativos a los cohetes satelitales iran\u00edes \u201cSimorgh\u201d y \u201cSafir Omid\u201d que recientemente pusieron en \u00f3rbita con \u00e9xito tres sat\u00e9lites, adem\u00e1s de desplegar un sistema de misiles tierra-tierra modelo Qiam, que tiene un alcance de hasta 1.000 kil\u00f3metros y un margen de error de impacto inferior a 50 metros.<\/p>\n<p style=\"text-align: justify;\">El 11 de febrero de 1979, triunf\u00f3 la Revoluci\u00f3n Isl\u00e1mica en Ir\u00e1n poniendo fin a una era de hegemon\u00eda y tiran\u00eda, derrocando la monarqu\u00eda y estableciendo un gobierno nacional e isl\u00e1mico basado en la soberan\u00eda popular.<\/p>\n<p style=\"text-align: justify;\"><strong>fm\/ws<\/strong><\/p>\n","protected":false},"excerpt":{"rendered":"<p>Ciudadanos iran\u00edes de todo el pa\u00eds participaron en estas concentraciones populares que tuvieron lugar en m\u00e1s de 1.400 ciudades y 35.000 aldeas, donde cantaron consignas que denuncian a Israel y la hegemon\u00eda estadounidense. Teher\u00e1n, 12 feb (SANA)\u00a0 Masivas marchas populares tuvieron lugar hoy en la capital Teher\u00e1n y todas las ciudades iran\u00edes, con motivo del &hellip;<\/p>\n","protected":false},"author":35,"featured_media":322030,"comment_status":"closed","ping_status":"closed","sticky":false,"template":"","format":"standard","meta":{"footnotes":""},"categories":[597,456,16687,7541],"tags":[],"class_list":["post-322029","post","type-post","status-publish","format-standard","has-post-thumbnail","","category-cinta-de-noticias","category-arabe-internacional-politica","category-internacionales","category-ultimas-noticias"],"_links":{"self":[{"href":"https:\/\/archive.sana.sy\/es\/index.php?rest_route=\/wp\/v2\/posts\/322029"}],"collection":[{"href":"https:\/\/archive.sana.sy\/es\/index.php?rest_route=\/wp\/v2\/posts"}],"about":[{"href":"https:\/\/archive.sana.sy\/es\/index.php?rest_route=\/wp\/v2\/types\/post"}],"author":[{"embeddable":true,"href":"https:\/\/archive.sana.sy\/es\/index.php?rest_route=\/wp\/v2\/users\/35"}],"replies":[{"embeddable":true,"href":"https:\/\/archive.sana.sy\/es\/index.php?rest_route=%2Fwp%2Fv2%2Fcomments&post=322029"}],"version-history":[{"count":2,"href":"https:\/\/archive.sana.sy\/es\/index.php?rest_route=\/wp\/v2\/posts\/322029\/revisions"}],"predecessor-version":[{"id":322032,"href":"https:\/\/archive.sana.sy\/es\/index.php?rest_route=\/wp\/v2\/posts\/322029\/revisions\/322032"}],"wp:featuredmedia":[{"embeddable":true,"href":"https:\/\/archive.sana.sy\/es\/index.php?rest_route=\/wp\/v2\/media\/322030"}],"wp:attachment":[{"href":"https:\/\/archive.sana.sy\/es\/index.php?rest_route=%2Fwp%2Fv2%2Fmedia&parent=322029"}],"wp:term":[{"taxonomy":"category","embeddable":true,"href":"https:\/\/archive.sana.sy\/es\/index.php?rest_route=%2Fwp%2Fv2%2Fcategories&post=322029"},{"taxonomy":"post_tag","embeddable":true,"href":"https:\/\/archive.sana.sy\/es\/index.php?rest_route=%2Fwp%2Fv2%2Ftags&post=322029"}],"curies":[{"name":"wp","href":"https:\/\/api.w.org\/{rel}","templated":true}]}}