{"id":322036,"date":"2024-02-12T17:50:31","date_gmt":"2024-02-12T14:50:31","guid":{"rendered":"https:\/\/sana.sy\/es\/?p=322036"},"modified":"2024-02-12T18:24:11","modified_gmt":"2024-02-12T15:24:11","slug":"canciller-sirio-recibe-copia-de-las-cartas-credenciales-del-nuevo-embajador-de-sri-lanka","status":"publish","type":"post","link":"https:\/\/archive.sana.sy\/es\/?p=322036","title":{"rendered":"Canciller sirio recibe copia de las cartas credenciales del nuevo embajador de Sri Lanka"},"content":{"rendered":"<p style=\"text-align: justify;\"><span style=\"color: #800000;\"><strong>Damasco, 12 feb (SANA)<\/strong><\/span>\u00a0 El nuevo embajador de la Rep\u00fablica Socialista Democr\u00e1tica de Sri Lanka, Kapila Jayaweera, entreg\u00f3 hoy al canciller sirio Faisal Al-Mekdad, sus cartas credenciales como embajador extraordinario y plenipotenciario de la Rep\u00fablica Socialista Democr\u00e1tica de Sri Lanka ante la Rep\u00fablica \u00c1rabe Siria.<\/p>\n<p style=\"text-align: justify;\">Al-Mekdad se reuni\u00f3 con el nuevo embajador esrilanqu\u00e9s en la capital Damasco y ambos repasaron las relaciones bilaterales y las formas de mejorar y desarrollar la cooperaci\u00f3n en diversos campos por el bien de los dos pueblos y pa\u00edses amigos.<\/p>\n<p style=\"text-align: justify;\">El embajador Jayaweera expres\u00f3 su alegr\u00eda por visitar Siria y ser nombrado embajador no residente, y destac\u00f3 su disposici\u00f3n a trabajar para fortalecer las relaciones bilaterales a nivel econ\u00f3mico y popular, y continuar la cooperaci\u00f3n en la escena internacional.<\/p>\n<p style=\"text-align: justify;\">Durante la reuni\u00f3n, el canciller resalt\u00f3 las distinguidas relaciones amistosas entre los dos pa\u00edses amigos y su cooperaci\u00f3n en todos los niveles dentro de las Naciones Unidas y varias organizaciones regionales.<\/p>\n<p style=\"text-align: justify;\">Las dos naciones comparten puntos de vista comunes sobre la interpretaci\u00f3n de la situaci\u00f3n en la escena internacional, asegur\u00f3.<\/p>\n<p style=\"text-align: justify;\">Las conversaciones abordaron la escalada en los territorios palestinos ocupados y la necesidad de detener los ataques israel\u00edes contra el pueblo palestino en Gaza y Cisjordania, oponerse a los intentos de desplazar a los palestinos fuera de su patria y trabajar para entregar ayuda humanitaria a los palestinos sin restricciones o condiciones.<\/p>\n<p style=\"text-align: justify;\"><strong>ws\/fm<\/strong><\/p>\n","protected":false},"excerpt":{"rendered":"<p>Damasco, 12 feb (SANA)\u00a0 El nuevo embajador de la Rep\u00fablica Socialista Democr\u00e1tica de Sri Lanka, Kapila Jayaweera, entreg\u00f3 hoy al canciller sirio Faisal Al-Mekdad, sus cartas credenciales como embajador extraordinario y plenipotenciario de la Rep\u00fablica Socialista Democr\u00e1tica de Sri Lanka ante la Rep\u00fablica \u00c1rabe Siria. Al-Mekdad se reuni\u00f3 con el nuevo embajador esrilanqu\u00e9s en la &hellip;<\/p>\n","protected":false},"author":35,"featured_media":322037,"comment_status":"closed","ping_status":"closed","sticky":false,"template":"","format":"standard","meta":{"footnotes":""},"categories":[597,20724,476,7541],"tags":[],"class_list":["post-322036","post","type-post","status-publish","format-standard","has-post-thumbnail","","category-cinta-de-noticias","category-minuto-a-minuto","category-locales","category-ultimas-noticias"],"_links":{"self":[{"href":"https:\/\/archive.sana.sy\/es\/index.php?rest_route=\/wp\/v2\/posts\/322036"}],"collection":[{"href":"https:\/\/archive.sana.sy\/es\/index.php?rest_route=\/wp\/v2\/posts"}],"about":[{"href":"https:\/\/archive.sana.sy\/es\/index.php?rest_route=\/wp\/v2\/types\/post"}],"author":[{"embeddable":true,"href":"https:\/\/archive.sana.sy\/es\/index.php?rest_route=\/wp\/v2\/users\/35"}],"replies":[{"embeddable":true,"href":"https:\/\/archive.sana.sy\/es\/index.php?rest_route=%2Fwp%2Fv2%2Fcomments&post=322036"}],"version-history":[{"count":3,"href":"https:\/\/archive.sana.sy\/es\/index.php?rest_route=\/wp\/v2\/posts\/322036\/revisions"}],"predecessor-version":[{"id":322064,"href":"https:\/\/archive.sana.sy\/es\/index.php?rest_route=\/wp\/v2\/posts\/322036\/revisions\/322064"}],"wp:featuredmedia":[{"embeddable":true,"href":"https:\/\/archive.sana.sy\/es\/index.php?rest_route=\/wp\/v2\/media\/322037"}],"wp:attachment":[{"href":"https:\/\/archive.sana.sy\/es\/index.php?rest_route=%2Fwp%2Fv2%2Fmedia&parent=322036"}],"wp:term":[{"taxonomy":"category","embeddable":true,"href":"https:\/\/archive.sana.sy\/es\/index.php?rest_route=%2Fwp%2Fv2%2Fcategories&post=322036"},{"taxonomy":"post_tag","embeddable":true,"href":"https:\/\/archive.sana.sy\/es\/index.php?rest_route=%2Fwp%2Fv2%2Ftags&post=322036"}],"curies":[{"name":"wp","href":"https:\/\/api.w.org\/{rel}","templated":true}]}}