{"id":322039,"date":"2024-02-12T18:00:50","date_gmt":"2024-02-12T15:00:50","guid":{"rendered":"https:\/\/sana.sy\/es\/?p=322039"},"modified":"2024-02-12T18:58:09","modified_gmt":"2024-02-12T15:58:09","slug":"canciller-sirio-recibe-una-delegacion-parlamentaria-libia","status":"publish","type":"post","link":"https:\/\/archive.sana.sy\/es\/?p=322039","title":{"rendered":"Canciller sirio recibe una delegaci\u00f3n parlamentaria libia"},"content":{"rendered":"<p style=\"text-align: justify;\"><span style=\"color: #800000;\"><strong>Damasco, 12 feb (SANA)<\/strong><\/span>\u00a0 El ministro de Asuntos Exteriores y Expatriados, Faisal Al-Mekdad, recibi\u00f3 hoy a una delegaci\u00f3n parlamentaria libia encabezada por Youssef Ibrahim Al-Aqouri, presidente del Comit\u00e9 de Asuntos Exteriores del Parlamento libio.<\/p>\n<p style=\"text-align: justify;\">Las dos partes repasaron las relaciones bilaterales entre los dos pa\u00edses y reiteraron su condena de la actual agresi\u00f3n israel\u00ed contra el pueblo palestino.<\/p>\n<p style=\"text-align: justify;\">Afirmaron su pleno apoyo a la firmeza de la resistencia palestina frente a los brutales ataques lanzados por Israel contra los ciudadanos inocentes.<\/p>\n<p style=\"text-align: justify;\">El ministro Al-Mekdad afirm\u00f3 el pleno apoyo de la Rep\u00fablica \u00c1rabe Siria a la unidad, independencia y soberan\u00eda de Libia, y destac\u00f3 la profundidad y la fuerza de los lazos fraternales que unen a los pueblos de los dos pa\u00edses.<\/p>\n<p style=\"text-align: justify;\">Tambi\u00e9n, subray\u00f3 la necesidad de fortalecer las alianzas y acciones \u00e1rabes para enfrentar los diversos desaf\u00edos que enfrenta la regi\u00f3n.<\/p>\n<p style=\"text-align: justify;\">Por su parte, Al-Aqouri conden\u00f3 los ataques sionistas contra Siria y rechaz\u00f3 la injerencia externa en sus asuntos internos, elogiando la firmeza del pueblo sirio y su lucha contra el terrorismo en nombre del mundo.<\/p>\n<p style=\"text-align: justify;\"><strong>ws\/fm<\/strong><\/p>\n","protected":false},"excerpt":{"rendered":"<p>Damasco, 12 feb (SANA)\u00a0 El ministro de Asuntos Exteriores y Expatriados, Faisal Al-Mekdad, recibi\u00f3 hoy a una delegaci\u00f3n parlamentaria libia encabezada por Youssef Ibrahim Al-Aqouri, presidente del Comit\u00e9 de Asuntos Exteriores del Parlamento libio. Las dos partes repasaron las relaciones bilaterales entre los dos pa\u00edses y reiteraron su condena de la actual agresi\u00f3n israel\u00ed contra &hellip;<\/p>\n","protected":false},"author":35,"featured_media":322040,"comment_status":"closed","ping_status":"closed","sticky":false,"template":"","format":"standard","meta":{"footnotes":""},"categories":[597,20724,476,7541],"tags":[5067,6553],"class_list":["post-322039","post","type-post","status-publish","format-standard","has-post-thumbnail","","category-cinta-de-noticias","category-minuto-a-minuto","category-locales","category-ultimas-noticias","tag-libia","tag-siria"],"_links":{"self":[{"href":"https:\/\/archive.sana.sy\/es\/index.php?rest_route=\/wp\/v2\/posts\/322039"}],"collection":[{"href":"https:\/\/archive.sana.sy\/es\/index.php?rest_route=\/wp\/v2\/posts"}],"about":[{"href":"https:\/\/archive.sana.sy\/es\/index.php?rest_route=\/wp\/v2\/types\/post"}],"author":[{"embeddable":true,"href":"https:\/\/archive.sana.sy\/es\/index.php?rest_route=\/wp\/v2\/users\/35"}],"replies":[{"embeddable":true,"href":"https:\/\/archive.sana.sy\/es\/index.php?rest_route=%2Fwp%2Fv2%2Fcomments&post=322039"}],"version-history":[{"count":4,"href":"https:\/\/archive.sana.sy\/es\/index.php?rest_route=\/wp\/v2\/posts\/322039\/revisions"}],"predecessor-version":[{"id":322091,"href":"https:\/\/archive.sana.sy\/es\/index.php?rest_route=\/wp\/v2\/posts\/322039\/revisions\/322091"}],"wp:featuredmedia":[{"embeddable":true,"href":"https:\/\/archive.sana.sy\/es\/index.php?rest_route=\/wp\/v2\/media\/322040"}],"wp:attachment":[{"href":"https:\/\/archive.sana.sy\/es\/index.php?rest_route=%2Fwp%2Fv2%2Fmedia&parent=322039"}],"wp:term":[{"taxonomy":"category","embeddable":true,"href":"https:\/\/archive.sana.sy\/es\/index.php?rest_route=%2Fwp%2Fv2%2Fcategories&post=322039"},{"taxonomy":"post_tag","embeddable":true,"href":"https:\/\/archive.sana.sy\/es\/index.php?rest_route=%2Fwp%2Fv2%2Ftags&post=322039"}],"curies":[{"name":"wp","href":"https:\/\/api.w.org\/{rel}","templated":true}]}}