{"id":322044,"date":"2024-02-12T14:40:28","date_gmt":"2024-02-12T11:40:28","guid":{"rendered":"https:\/\/sana.sy\/es\/?p=322044"},"modified":"2024-02-12T15:36:24","modified_gmt":"2024-02-12T12:36:24","slug":"164-martires-palestinos-en-nueva-jornada-de-agresion-israeli-en-gaza","status":"publish","type":"post","link":"https:\/\/archive.sana.sy\/es\/?p=322044","title":{"rendered":"164 m\u00e1rtires palestinos en nueva jornada de agresi\u00f3n israel\u00ed en Gaza"},"content":{"rendered":"<p style=\"text-align: justify;\"><strong><span style=\"color: #800000;\">Jerusal\u00e9n ocupada, 12 feb (SANA)<\/span>\u00a0<\/strong> El Ministerio de Salud palestino anunci\u00f3 hoy que las tropas sionistas cometieron durante las \u00faltimas 24 horas, 19 masacres en la Franja de Gaza, que cobraron la vida de 164 palestinos y lesionaron a otros 200.<\/p>\n<p style=\"text-align: justify;\">Seg\u00fan detall\u00f3 el ente de salud por medio de un comunicado, la cifra de v\u00edctimas durante 129 d\u00edas de agresi\u00f3n brutal israel\u00ed contra este territorio palestino ascendi\u00f3 a 28.340 muertos y 67.984 heridos.<\/p>\n<p style=\"text-align: justify;\">Aclar\u00f3 que miles de v\u00edctimas permanecen bajo los escombros o en las calles y carreteras, ya que las ambulancias y los equipos de defensa civil no pueden llegar a los mismos.<\/p>\n<p style=\"text-align: justify;\">Alert\u00f3 que &#8220;nadie pod\u00eda moverse en los patios del Complejo M\u00e9dico Nasser en la ciudad de Khan Yunis, al sur de Gaza, donde siete palestinos fueron asesinados y 14 miembros del personal m\u00e9dico y desplazados resultaron heridos por el fuego de un francotirador israel\u00ed.<\/p>\n<p>ed\/fm<\/p>\n","protected":false},"excerpt":{"rendered":"<p>Jerusal\u00e9n ocupada, 12 feb (SANA)\u00a0 El Ministerio de Salud palestino anunci\u00f3 hoy que las tropas sionistas cometieron durante las \u00faltimas 24 horas, 19 masacres en la Franja de Gaza, que cobraron la vida de 164 palestinos y lesionaron a otros 200. Seg\u00fan detall\u00f3 el ente de salud por medio de un comunicado, la cifra de &hellip;<\/p>\n","protected":false},"author":32,"featured_media":322060,"comment_status":"closed","ping_status":"closed","sticky":false,"template":"","format":"standard","meta":{"footnotes":""},"categories":[597,456,20724,583],"tags":[],"class_list":["post-322044","post","type-post","status-publish","format-standard","has-post-thumbnail","","category-cinta-de-noticias","category-arabe-internacional-politica","category-minuto-a-minuto","category-slide"],"_links":{"self":[{"href":"https:\/\/archive.sana.sy\/es\/index.php?rest_route=\/wp\/v2\/posts\/322044"}],"collection":[{"href":"https:\/\/archive.sana.sy\/es\/index.php?rest_route=\/wp\/v2\/posts"}],"about":[{"href":"https:\/\/archive.sana.sy\/es\/index.php?rest_route=\/wp\/v2\/types\/post"}],"author":[{"embeddable":true,"href":"https:\/\/archive.sana.sy\/es\/index.php?rest_route=\/wp\/v2\/users\/32"}],"replies":[{"embeddable":true,"href":"https:\/\/archive.sana.sy\/es\/index.php?rest_route=%2Fwp%2Fv2%2Fcomments&post=322044"}],"version-history":[{"count":1,"href":"https:\/\/archive.sana.sy\/es\/index.php?rest_route=\/wp\/v2\/posts\/322044\/revisions"}],"predecessor-version":[{"id":322046,"href":"https:\/\/archive.sana.sy\/es\/index.php?rest_route=\/wp\/v2\/posts\/322044\/revisions\/322046"}],"wp:featuredmedia":[{"embeddable":true,"href":"https:\/\/archive.sana.sy\/es\/index.php?rest_route=\/wp\/v2\/media\/322060"}],"wp:attachment":[{"href":"https:\/\/archive.sana.sy\/es\/index.php?rest_route=%2Fwp%2Fv2%2Fmedia&parent=322044"}],"wp:term":[{"taxonomy":"category","embeddable":true,"href":"https:\/\/archive.sana.sy\/es\/index.php?rest_route=%2Fwp%2Fv2%2Fcategories&post=322044"},{"taxonomy":"post_tag","embeddable":true,"href":"https:\/\/archive.sana.sy\/es\/index.php?rest_route=%2Fwp%2Fv2%2Ftags&post=322044"}],"curies":[{"name":"wp","href":"https:\/\/api.w.org\/{rel}","templated":true}]}}