{"id":322085,"date":"2024-02-12T18:00:58","date_gmt":"2024-02-12T15:00:58","guid":{"rendered":"https:\/\/sana.sy\/es\/?p=322085"},"modified":"2024-02-12T18:57:04","modified_gmt":"2024-02-12T15:57:04","slug":"gobierno-sirio-rechaza-ofensiva-israeli-contra-ciudad-de-rafah","status":"publish","type":"post","link":"https:\/\/archive.sana.sy\/es\/?p=322085","title":{"rendered":"Gobierno sirio rechaza ofensiva israel\u00ed contra ciudad de Rafah"},"content":{"rendered":"<blockquote>\n<p style=\"text-align: justify;\"><span style=\"color: #993300;\">Reiter\u00f3 el llamado de Damasco a todos los pa\u00edses del mundo y la Corte Internacional de Justicia, para obligar Israel a detener el genocidio que est\u00e1 cometiendo contra los palestinos y responsabilizar a los l\u00edderes fascistas israel\u00edes por las consecuencias catastr\u00f3ficos resultantes de sus ataques contra civiles e instalaciones y bienes en Gaza.<\/span><\/p>\n<\/blockquote>\n<p style=\"text-align: justify;\"><span style=\"color: #800000;\"><strong>Damasco, 12 feb (SANA)\u00a0<\/strong><\/span> El gobierno sirio alert\u00f3 hoy de las catastr\u00f3ficas consecuencias de cualquier ofensiva israel\u00ed contra la ciudad de Rafah y asegur\u00f3 que la luz verde de EE.UU. para tal ataque constituye una amenaza para la seguridad y estabilidad en la regi\u00f3n.<\/p>\n<p style=\"text-align: justify;\">Por medio de una declaraci\u00f3n emitida hoy, el Ministerio de Asuntos Exteriores y Expatriados advirti\u00f3 de las catastr\u00f3ficas repercusiones de cualquier ataque sobre las vidas de los civiles, en particular los ni\u00f1os, las mujeres y aquellos que fueron obligados a desplazarse y refugiarse en el sur de la Franja de Gaza.<\/p>\n<p style=\"text-align: justify;\">Estados Unidos ha dado luz verde a Israel para implementar su plan peligroso e inhumano en Gaza, lo que constituye una gran amenaza para la seguridad y la estabilidad en la regi\u00f3n, indic\u00f3 la Canciller\u00eda en su comunicado.<\/p>\n<p style=\"text-align: justify;\">Reiter\u00f3 el llamado de Damasco a todos los pa\u00edses del mundo y la Corte Internacional de Justicia, para obligar a Israel a detener el genocidio que est\u00e1 cometiendo contra los palestinos y responsabilizar a los l\u00edderes fascistas israel\u00edes por las consecuencias catastr\u00f3ficos resultantes de sus ataques contra civiles, instalaciones y bienes en Gaza.<\/p>\n<p style=\"text-align: justify;\">La decisi\u00f3n israel\u00ed de lanzar un ataque militar contra civiles palestinos constituye una grave violaci\u00f3n de las normas del derecho internacional y de los derechos humanos m\u00e1s b\u00e1sicos, afirm\u00f3 el Ministerio.<\/p>\n<p style=\"text-align: justify;\">El desplazamiento de palestinos es moralmente condenable y requiere que la comunidad internacional los proteja y satisfaga sus necesidades humanitarias de manera inmediata y permanente, concluy\u00f3 la Canciller\u00eda su declaraci\u00f3n.<\/p>\n<p style=\"text-align: justify;\">fm\/rr<\/p>\n","protected":false},"excerpt":{"rendered":"<p>Reiter\u00f3 el llamado de Damasco a todos los pa\u00edses del mundo y la Corte Internacional de Justicia, para obligar Israel a detener el genocidio que est\u00e1 cometiendo contra los palestinos y responsabilizar a los l\u00edderes fascistas israel\u00edes por las consecuencias catastr\u00f3ficos resultantes de sus ataques contra civiles e instalaciones y bienes en Gaza. Damasco, 12 &hellip;<\/p>\n","protected":false},"author":31,"featured_media":322088,"comment_status":"closed","ping_status":"closed","sticky":false,"template":"","format":"standard","meta":{"footnotes":""},"categories":[597,476,583],"tags":[20697,11687,7132,6553],"class_list":["post-322085","post","type-post","status-publish","format-standard","has-post-thumbnail","","category-cinta-de-noticias","category-locales","category-slide","tag-agresion-israeli","tag-cancilleria","tag-eeuu","tag-siria"],"_links":{"self":[{"href":"https:\/\/archive.sana.sy\/es\/index.php?rest_route=\/wp\/v2\/posts\/322085"}],"collection":[{"href":"https:\/\/archive.sana.sy\/es\/index.php?rest_route=\/wp\/v2\/posts"}],"about":[{"href":"https:\/\/archive.sana.sy\/es\/index.php?rest_route=\/wp\/v2\/types\/post"}],"author":[{"embeddable":true,"href":"https:\/\/archive.sana.sy\/es\/index.php?rest_route=\/wp\/v2\/users\/31"}],"replies":[{"embeddable":true,"href":"https:\/\/archive.sana.sy\/es\/index.php?rest_route=%2Fwp%2Fv2%2Fcomments&post=322085"}],"version-history":[{"count":2,"href":"https:\/\/archive.sana.sy\/es\/index.php?rest_route=\/wp\/v2\/posts\/322085\/revisions"}],"predecessor-version":[{"id":322089,"href":"https:\/\/archive.sana.sy\/es\/index.php?rest_route=\/wp\/v2\/posts\/322085\/revisions\/322089"}],"wp:featuredmedia":[{"embeddable":true,"href":"https:\/\/archive.sana.sy\/es\/index.php?rest_route=\/wp\/v2\/media\/322088"}],"wp:attachment":[{"href":"https:\/\/archive.sana.sy\/es\/index.php?rest_route=%2Fwp%2Fv2%2Fmedia&parent=322085"}],"wp:term":[{"taxonomy":"category","embeddable":true,"href":"https:\/\/archive.sana.sy\/es\/index.php?rest_route=%2Fwp%2Fv2%2Fcategories&post=322085"},{"taxonomy":"post_tag","embeddable":true,"href":"https:\/\/archive.sana.sy\/es\/index.php?rest_route=%2Fwp%2Fv2%2Ftags&post=322085"}],"curies":[{"name":"wp","href":"https:\/\/api.w.org\/{rel}","templated":true}]}}