{"id":322117,"date":"2024-02-13T08:43:19","date_gmt":"2024-02-13T05:43:19","guid":{"rendered":"https:\/\/sana.sy\/es\/?p=322117"},"modified":"2024-02-13T12:12:53","modified_gmt":"2024-02-13T09:12:53","slug":"el-minuto-a-minuto-de-la-agresion-israeli-a-gaza-35","status":"publish","type":"post","link":"https:\/\/archive.sana.sy\/es\/?p=322117","title":{"rendered":"El minuto a minuto de la agresi\u00f3n israel\u00ed a Gaza"},"content":{"rendered":"<p style=\"text-align: justify;\"><span style=\"color: #800000;\"><strong>J<\/strong><strong>erusal\u00e9n ocupada, 13 feb (SANA)<\/strong><\/span> <strong>A continuaci\u00f3n, los desarrollos m\u00e1s relevantes del d\u00eda 128de la agresi\u00f3n israel\u00ed contra la Franja de Gaza:<\/strong><\/p>\n<p style=\"text-align: justify;\">???????? Durante las \u00faltimas 24 horas, Israel cometi\u00f3 16 masacres en la Franja de Gaza, cobr\u00e1ndose la vida de 133 palestinos mientras otros 162 resultaron heridos.<\/p>\n<p>????????\u00a0 La cifra total de v\u00edctimas de la actual agresi\u00f3n israel\u00ed en Gaza aument\u00f3 a 28.473 muertos y 68.146 heridos, inform\u00f3 el Ministerio de Salud.<\/p>\n<p style=\"text-align: justify;\">????????\u00a0 La resistencia libanesa ataca con misiles una concentraci\u00f3n de soldados sionistas en la fortaleza libanesa ocupada de Honin , causando bajas directas.<\/p>\n<p style=\"text-align: justify;\">????????\u00a0 El ej\u00e9rcito israel\u00ed reconoce la muerte de dos de sus oficiales y de un soldado durante los enfrentamientos con la resistencia palestina en el sur de la Franja de Gaza.<\/p>\n<p style=\"text-align: justify;\">????????\u00a0 Cinco muertos y varios heridos en bombardeo israel\u00ed contra una casa en el campo de Nuseirat, en el centro de la Franja de Gaza.<\/p>\n","protected":false},"excerpt":{"rendered":"<p>Jerusal\u00e9n ocupada, 13 feb (SANA) A continuaci\u00f3n, los desarrollos m\u00e1s relevantes del d\u00eda 128de la agresi\u00f3n israel\u00ed contra la Franja de Gaza: ???????? Durante las \u00faltimas 24 horas, Israel cometi\u00f3 16 masacres en la Franja de Gaza, cobr\u00e1ndose la vida de 133 palestinos mientras otros 162 resultaron heridos. ????????\u00a0 La cifra total de v\u00edctimas de &hellip;<\/p>\n","protected":false},"author":42,"featured_media":322118,"comment_status":"closed","ping_status":"closed","sticky":false,"template":"","format":"standard","meta":{"footnotes":""},"categories":[597,456,16687,20724,583],"tags":[],"class_list":["post-322117","post","type-post","status-publish","format-standard","has-post-thumbnail","","category-cinta-de-noticias","category-arabe-internacional-politica","category-internacionales","category-minuto-a-minuto","category-slide"],"_links":{"self":[{"href":"https:\/\/archive.sana.sy\/es\/index.php?rest_route=\/wp\/v2\/posts\/322117"}],"collection":[{"href":"https:\/\/archive.sana.sy\/es\/index.php?rest_route=\/wp\/v2\/posts"}],"about":[{"href":"https:\/\/archive.sana.sy\/es\/index.php?rest_route=\/wp\/v2\/types\/post"}],"author":[{"embeddable":true,"href":"https:\/\/archive.sana.sy\/es\/index.php?rest_route=\/wp\/v2\/users\/42"}],"replies":[{"embeddable":true,"href":"https:\/\/archive.sana.sy\/es\/index.php?rest_route=%2Fwp%2Fv2%2Fcomments&post=322117"}],"version-history":[{"count":3,"href":"https:\/\/archive.sana.sy\/es\/index.php?rest_route=\/wp\/v2\/posts\/322117\/revisions"}],"predecessor-version":[{"id":322137,"href":"https:\/\/archive.sana.sy\/es\/index.php?rest_route=\/wp\/v2\/posts\/322117\/revisions\/322137"}],"wp:featuredmedia":[{"embeddable":true,"href":"https:\/\/archive.sana.sy\/es\/index.php?rest_route=\/wp\/v2\/media\/322118"}],"wp:attachment":[{"href":"https:\/\/archive.sana.sy\/es\/index.php?rest_route=%2Fwp%2Fv2%2Fmedia&parent=322117"}],"wp:term":[{"taxonomy":"category","embeddable":true,"href":"https:\/\/archive.sana.sy\/es\/index.php?rest_route=%2Fwp%2Fv2%2Fcategories&post=322117"},{"taxonomy":"post_tag","embeddable":true,"href":"https:\/\/archive.sana.sy\/es\/index.php?rest_route=%2Fwp%2Fv2%2Ftags&post=322117"}],"curies":[{"name":"wp","href":"https:\/\/api.w.org\/{rel}","templated":true}]}}