{"id":322138,"date":"2024-02-13T12:27:21","date_gmt":"2024-02-13T09:27:21","guid":{"rendered":"https:\/\/sana.sy\/es\/?p=322138"},"modified":"2024-02-13T12:27:21","modified_gmt":"2024-02-13T09:27:21","slug":"ejercito-israeli-reconoce-la-muerte-de-tres-de-sus-militares-en-gaza-entre-ellos-un-comandante-de-brigada","status":"publish","type":"post","link":"https:\/\/archive.sana.sy\/es\/?p=322138","title":{"rendered":"Ej\u00e9rcito israel\u00ed reconoce la muerte de tres de sus militares en Gaza, entre ellos un comandante de brigada"},"content":{"rendered":"<p style=\"text-align: justify;\"><span style=\"color: #800000;\"><strong>Jerusal\u00e9n ocupada, 13 feb (SANA)<\/strong> <\/span>El ej\u00e9rcito de ocupaci\u00f3n israel\u00ed admiti\u00f3 hoy que tres de sus soldados murieron en las batallas en el sur de la Franja de Gaza, incluidos dos oficiales, uno de los cuales era el comandante de la brigada 630.<\/p>\n<p style=\"text-align: justify;\">Los medios de prensa israel\u00edes informaron que los muertos son: el comandante de la brigada 630 con rango de teniente coronel de reserva, el comandante de la compa\u00f1\u00eda en la referida brigada con grado de mayor de reserva, y otro militar con grado de sargento de reserva.<\/p>\n<p style=\"text-align: justify;\">Asimismo, un combatiente de reserva de la brigada 630 tambi\u00e9n result\u00f3 gravemente herido en un combate en el sur de la Franja de Gaza.<\/p>\n<p style=\"text-align: justify;\">El n\u00famero de bajas mortales en las filas del ej\u00e9rcito de ocupaci\u00f3n desde el inicio de la operaci\u00f3n terrestre en la Franja de Gaza ascendi\u00f3 a 233 para un total de 570 soldados y oficiales muertos desde el inicio de la guerra el d\u00eda 7 de aoctubre pasado.<\/p>\n<p style=\"text-align: justify;\">fm\/as<\/p>\n","protected":false},"excerpt":{"rendered":"<p>Jerusal\u00e9n ocupada, 13 feb (SANA) El ej\u00e9rcito de ocupaci\u00f3n israel\u00ed admiti\u00f3 hoy que tres de sus soldados murieron en las batallas en el sur de la Franja de Gaza, incluidos dos oficiales, uno de los cuales era el comandante de la brigada 630. Los medios de prensa israel\u00edes informaron que los muertos son: el comandante &hellip;<\/p>\n","protected":false},"author":42,"featured_media":322139,"comment_status":"closed","ping_status":"closed","sticky":false,"template":"","format":"standard","meta":{"footnotes":""},"categories":[597,456,16687,20724,7541],"tags":[],"class_list":["post-322138","post","type-post","status-publish","format-standard","has-post-thumbnail","","category-cinta-de-noticias","category-arabe-internacional-politica","category-internacionales","category-minuto-a-minuto","category-ultimas-noticias"],"_links":{"self":[{"href":"https:\/\/archive.sana.sy\/es\/index.php?rest_route=\/wp\/v2\/posts\/322138"}],"collection":[{"href":"https:\/\/archive.sana.sy\/es\/index.php?rest_route=\/wp\/v2\/posts"}],"about":[{"href":"https:\/\/archive.sana.sy\/es\/index.php?rest_route=\/wp\/v2\/types\/post"}],"author":[{"embeddable":true,"href":"https:\/\/archive.sana.sy\/es\/index.php?rest_route=\/wp\/v2\/users\/42"}],"replies":[{"embeddable":true,"href":"https:\/\/archive.sana.sy\/es\/index.php?rest_route=%2Fwp%2Fv2%2Fcomments&post=322138"}],"version-history":[{"count":1,"href":"https:\/\/archive.sana.sy\/es\/index.php?rest_route=\/wp\/v2\/posts\/322138\/revisions"}],"predecessor-version":[{"id":322140,"href":"https:\/\/archive.sana.sy\/es\/index.php?rest_route=\/wp\/v2\/posts\/322138\/revisions\/322140"}],"wp:featuredmedia":[{"embeddable":true,"href":"https:\/\/archive.sana.sy\/es\/index.php?rest_route=\/wp\/v2\/media\/322139"}],"wp:attachment":[{"href":"https:\/\/archive.sana.sy\/es\/index.php?rest_route=%2Fwp%2Fv2%2Fmedia&parent=322138"}],"wp:term":[{"taxonomy":"category","embeddable":true,"href":"https:\/\/archive.sana.sy\/es\/index.php?rest_route=%2Fwp%2Fv2%2Fcategories&post=322138"},{"taxonomy":"post_tag","embeddable":true,"href":"https:\/\/archive.sana.sy\/es\/index.php?rest_route=%2Fwp%2Fv2%2Ftags&post=322138"}],"curies":[{"name":"wp","href":"https:\/\/api.w.org\/{rel}","templated":true}]}}