{"id":322141,"date":"2024-02-13T14:06:32","date_gmt":"2024-02-13T11:06:32","guid":{"rendered":"https:\/\/sana.sy\/es\/?p=322141"},"modified":"2024-02-13T14:08:46","modified_gmt":"2024-02-13T11:08:46","slug":"ataques-israelies-dejaron-durante-el-ultimo-dia-133-muertos-y-162-heridos-en-gaza","status":"publish","type":"post","link":"https:\/\/archive.sana.sy\/es\/?p=322141","title":{"rendered":"Ataques israel\u00edes dejaron durante el \u00faltimo d\u00eda 133 muertos y 162 heridos en Gaza"},"content":{"rendered":"<p style=\"text-align: justify;\"><span style=\"color: #800000;\"><strong>Jerusal\u00e9n ocupada, 13 feb (SANA)<\/strong> <\/span>El Ministerio de Salud palestino anunci\u00f3 hoy que el ocupante israel\u00ed cometi\u00f3 16 masacres en la Franja de Gaza durante las \u00faltimas 24 horas.<\/p>\n<p style=\"text-align: justify;\">Por medio de un comunicado, el Ministerio indic\u00f3 que las v\u00edctimas durante el \u00faltimo d\u00eda ascendieron a 133 muertos y 162 heridos.<\/p>\n<p style=\"text-align: justify;\">La cifra total de v\u00edctimas durante 130 d\u00eda de agresi\u00f3n contra Gaza aument\u00f3 a 28.473 muertos y 68.146 heridos, mientras miles de palestinos todav\u00eda se encuentran bajo los escombros y en las carreteras, ya que el ocupante impide que las ambulancias y los equipos de defensa civil lleguen hasta ellos, indic\u00f3 el ente de salud.<\/p>\n<p style=\"text-align: justify;\">Por otro lado, aclar\u00f3 que el combustible en los hospitales de Rafah alcanza para solo dos d\u00edas y advirti\u00f3 de los peligros que esto supondr\u00eda para las vidas de los enfermos y heridos.<\/p>\n<p style=\"text-align: justify;\">fm\/as<\/p>\n","protected":false},"excerpt":{"rendered":"<p>Jerusal\u00e9n ocupada, 13 feb (SANA) El Ministerio de Salud palestino anunci\u00f3 hoy que el ocupante israel\u00ed cometi\u00f3 16 masacres en la Franja de Gaza durante las \u00faltimas 24 horas. Por medio de un comunicado, el Ministerio indic\u00f3 que las v\u00edctimas durante el \u00faltimo d\u00eda ascendieron a 133 muertos y 162 heridos. La cifra total de &hellip;<\/p>\n","protected":false},"author":42,"featured_media":322144,"comment_status":"closed","ping_status":"closed","sticky":false,"template":"","format":"standard","meta":{"footnotes":""},"categories":[597,456,16687,20724,583],"tags":[],"class_list":["post-322141","post","type-post","status-publish","format-standard","has-post-thumbnail","","category-cinta-de-noticias","category-arabe-internacional-politica","category-internacionales","category-minuto-a-minuto","category-slide"],"_links":{"self":[{"href":"https:\/\/archive.sana.sy\/es\/index.php?rest_route=\/wp\/v2\/posts\/322141"}],"collection":[{"href":"https:\/\/archive.sana.sy\/es\/index.php?rest_route=\/wp\/v2\/posts"}],"about":[{"href":"https:\/\/archive.sana.sy\/es\/index.php?rest_route=\/wp\/v2\/types\/post"}],"author":[{"embeddable":true,"href":"https:\/\/archive.sana.sy\/es\/index.php?rest_route=\/wp\/v2\/users\/42"}],"replies":[{"embeddable":true,"href":"https:\/\/archive.sana.sy\/es\/index.php?rest_route=%2Fwp%2Fv2%2Fcomments&post=322141"}],"version-history":[{"count":1,"href":"https:\/\/archive.sana.sy\/es\/index.php?rest_route=\/wp\/v2\/posts\/322141\/revisions"}],"predecessor-version":[{"id":322143,"href":"https:\/\/archive.sana.sy\/es\/index.php?rest_route=\/wp\/v2\/posts\/322141\/revisions\/322143"}],"wp:featuredmedia":[{"embeddable":true,"href":"https:\/\/archive.sana.sy\/es\/index.php?rest_route=\/wp\/v2\/media\/322144"}],"wp:attachment":[{"href":"https:\/\/archive.sana.sy\/es\/index.php?rest_route=%2Fwp%2Fv2%2Fmedia&parent=322141"}],"wp:term":[{"taxonomy":"category","embeddable":true,"href":"https:\/\/archive.sana.sy\/es\/index.php?rest_route=%2Fwp%2Fv2%2Fcategories&post=322141"},{"taxonomy":"post_tag","embeddable":true,"href":"https:\/\/archive.sana.sy\/es\/index.php?rest_route=%2Fwp%2Fv2%2Ftags&post=322141"}],"curies":[{"name":"wp","href":"https:\/\/api.w.org\/{rel}","templated":true}]}}