{"id":322145,"date":"2024-02-13T14:50:43","date_gmt":"2024-02-13T11:50:43","guid":{"rendered":"https:\/\/sana.sy\/es\/?p=322145"},"modified":"2024-02-13T14:59:42","modified_gmt":"2024-02-13T11:59:42","slug":"venezuela-condena-planes-de-israel-para-invadir-rafah","status":"publish","type":"post","link":"https:\/\/archive.sana.sy\/es\/?p=322145","title":{"rendered":"Venezuela condena planes de Israel para invadir Rafah"},"content":{"rendered":"<p style=\"text-align: justify;\"><span style=\"color: #800000;\"><strong>Caracas, 13 feb (SANA) <\/strong><\/span>La Canciller\u00eda venezolana expres\u00f3 su en\u00e9rgica condena a los criminales planes israel\u00edes de invadir la ciudad de Rafah, en el sur de la Franja.<\/p>\n<p style=\"text-align: justify;\">\u201cEste plan del sionismo israel\u00ed pretende seguir implementando su pol\u00edtica criminal y expansionista en esta localidad, que alberga a m\u00e1s de un mill\u00f3n cuatrocientos mil palestinos desplazados\u201d, indic\u00f3 un comunicado divulgado por el canciller Yv\u00e1n Gil.<\/p>\n<p style=\"text-align: justify;\">Advirti\u00f3 que \u201cestas crueles e inhumanas acciones\u201d contribuyen a empeorar las consecuencias y condiciones de deterioro que vive la poblaci\u00f3n en la Franja de Gaza e impiden el acceso a la indispensable ayuda humanitaria para la sobrevivencia\u201d.<img loading=\"lazy\" decoding=\"async\" class=\"size-medium wp-image-322146 alignright\" src=\"http:\/\/sana.sy\/es\/wp-content\/uploads\/2024\/02\/photo_2024-02-13_14-46-13-225x300.jpg\" alt=\"\" width=\"225\" height=\"300\" srcset=\"https:\/\/archive.sana.sy\/es\/wp-content\/uploads\/2024\/02\/photo_2024-02-13_14-46-13-225x300.jpg 225w, https:\/\/archive.sana.sy\/es\/wp-content\/uploads\/2024\/02\/photo_2024-02-13_14-46-13-768x1024.jpg 768w, https:\/\/archive.sana.sy\/es\/wp-content\/uploads\/2024\/02\/photo_2024-02-13_14-46-13-113x150.jpg 113w, https:\/\/archive.sana.sy\/es\/wp-content\/uploads\/2024\/02\/photo_2024-02-13_14-46-13.jpg 960w\" sizes=\"(max-width: 225px) 100vw, 225px\" \/><\/p>\n<p style=\"text-align: justify;\">La nota llam\u00f3 a las Naciones Unidas y a la comunidad internacional para que adopten decisiones urgentes y decisivas para evitar que \u201cIsrael\u201d provoque otra cat\u00e1strofe y contin\u00fae su guerra de aniquilaci\u00f3n.<\/p>\n<p style=\"text-align: justify;\">La Rep\u00fablica Bolivariana expres\u00f3, una vez m\u00e1s, su repudio al \u201cdesplazamiento, genocidio y pol\u00edtica de apartheid\u201d en contra del pueblo palestino, al tiempo que exigi\u00f3 respeto al derecho internacional como garant\u00eda de paz global.<\/p>\n<p style=\"text-align: justify;\">as\/fm<\/p>\n","protected":false},"excerpt":{"rendered":"<p>Caracas, 13 feb (SANA) La Canciller\u00eda venezolana expres\u00f3 su en\u00e9rgica condena a los criminales planes israel\u00edes de invadir la ciudad de Rafah, en el sur de la Franja. \u201cEste plan del sionismo israel\u00ed pretende seguir implementando su pol\u00edtica criminal y expansionista en esta localidad, que alberga a m\u00e1s de un mill\u00f3n cuatrocientos mil palestinos desplazados\u201d, &hellip;<\/p>\n","protected":false},"author":42,"featured_media":322147,"comment_status":"closed","ping_status":"closed","sticky":false,"template":"","format":"standard","meta":{"footnotes":""},"categories":[597,456,16687,20724,7541],"tags":[],"class_list":["post-322145","post","type-post","status-publish","format-standard","has-post-thumbnail","","category-cinta-de-noticias","category-arabe-internacional-politica","category-internacionales","category-minuto-a-minuto","category-ultimas-noticias"],"_links":{"self":[{"href":"https:\/\/archive.sana.sy\/es\/index.php?rest_route=\/wp\/v2\/posts\/322145"}],"collection":[{"href":"https:\/\/archive.sana.sy\/es\/index.php?rest_route=\/wp\/v2\/posts"}],"about":[{"href":"https:\/\/archive.sana.sy\/es\/index.php?rest_route=\/wp\/v2\/types\/post"}],"author":[{"embeddable":true,"href":"https:\/\/archive.sana.sy\/es\/index.php?rest_route=\/wp\/v2\/users\/42"}],"replies":[{"embeddable":true,"href":"https:\/\/archive.sana.sy\/es\/index.php?rest_route=%2Fwp%2Fv2%2Fcomments&post=322145"}],"version-history":[{"count":4,"href":"https:\/\/archive.sana.sy\/es\/index.php?rest_route=\/wp\/v2\/posts\/322145\/revisions"}],"predecessor-version":[{"id":322153,"href":"https:\/\/archive.sana.sy\/es\/index.php?rest_route=\/wp\/v2\/posts\/322145\/revisions\/322153"}],"wp:featuredmedia":[{"embeddable":true,"href":"https:\/\/archive.sana.sy\/es\/index.php?rest_route=\/wp\/v2\/media\/322147"}],"wp:attachment":[{"href":"https:\/\/archive.sana.sy\/es\/index.php?rest_route=%2Fwp%2Fv2%2Fmedia&parent=322145"}],"wp:term":[{"taxonomy":"category","embeddable":true,"href":"https:\/\/archive.sana.sy\/es\/index.php?rest_route=%2Fwp%2Fv2%2Fcategories&post=322145"},{"taxonomy":"post_tag","embeddable":true,"href":"https:\/\/archive.sana.sy\/es\/index.php?rest_route=%2Fwp%2Fv2%2Ftags&post=322145"}],"curies":[{"name":"wp","href":"https:\/\/api.w.org\/{rel}","templated":true}]}}