{"id":32217,"date":"2015-10-24T21:45:54","date_gmt":"2015-10-24T18:45:54","guid":{"rendered":"http:\/\/sana.sy\/es\/?p=32217"},"modified":"2023-01-09T14:09:42","modified_gmt":"2023-01-09T12:09:42","slug":"incautan-grandes-cantidades-de-armas-y-municiones-cargadas-en-un-vehiculo-2","status":"publish","type":"post","link":"https:\/\/archive.sana.sy\/es\/?p=32217","title":{"rendered":"Incautan grandes cantidades de armas y municiones cargadas en un veh\u00edculo"},"content":{"rendered":"<p style=\"text-align: justify\"><span style=\"color: #800000\">Sweida, SANA<\/span>&#8211; Grupos de defensa popular en cooperaci\u00f3n con los lugare\u00f1os de la localidad de Kanaker confiscaron el s\u00e1bado un cami\u00f3n procedente de la ciudad de Darra cargado con 4 toneladas de armas y grandes cantidades de municiones en el campo occidental de la provincia de Sweida.<\/p>\n<p style=\"text-align: justify\">Fuentes locales de la provincia le informaron al reportero SANA que se incautaron ametralladoras calibre 14,5 y 23 mm, proyectiles de tanques calibre 100 mm, proyectiles de ca\u00f1\u00f3n calibre 122 mm y decenas de cajas llenas de diferentes tipos de proyectiles y cartuchos calibre 12, 7 mm.<\/p>\n<p>M.Miri<\/p>\n","protected":false},"excerpt":{"rendered":"<p>Sweida, SANA&#8211; Grupos de defensa popular en cooperaci\u00f3n con los lugare\u00f1os de la localidad de Kanaker confiscaron el s\u00e1bado un cami\u00f3n procedente de la ciudad de Darra cargado con 4 toneladas de armas y grandes cantidades de municiones en el campo occidental de la provincia de Sweida. Fuentes locales de la provincia le informaron al &hellip;<\/p>\n","protected":false},"author":1,"featured_media":32218,"comment_status":"closed","ping_status":"closed","sticky":false,"template":"","format":"standard","meta":{"footnotes":""},"categories":[477,476],"tags":[6112],"class_list":["post-32217","post","type-post","status-publish","format-standard","has-post-thumbnail","","category-noticias-edulcorantes","category-locales","tag-incautan-grandes-cantidades-de-armas-y-municiones-cargadas-en-un-vehiculo"],"_links":{"self":[{"href":"https:\/\/archive.sana.sy\/es\/index.php?rest_route=\/wp\/v2\/posts\/32217"}],"collection":[{"href":"https:\/\/archive.sana.sy\/es\/index.php?rest_route=\/wp\/v2\/posts"}],"about":[{"href":"https:\/\/archive.sana.sy\/es\/index.php?rest_route=\/wp\/v2\/types\/post"}],"author":[{"embeddable":true,"href":"https:\/\/archive.sana.sy\/es\/index.php?rest_route=\/wp\/v2\/users\/1"}],"replies":[{"embeddable":true,"href":"https:\/\/archive.sana.sy\/es\/index.php?rest_route=%2Fwp%2Fv2%2Fcomments&post=32217"}],"version-history":[{"count":0,"href":"https:\/\/archive.sana.sy\/es\/index.php?rest_route=\/wp\/v2\/posts\/32217\/revisions"}],"wp:featuredmedia":[{"embeddable":true,"href":"https:\/\/archive.sana.sy\/es\/index.php?rest_route=\/wp\/v2\/media\/32218"}],"wp:attachment":[{"href":"https:\/\/archive.sana.sy\/es\/index.php?rest_route=%2Fwp%2Fv2%2Fmedia&parent=32217"}],"wp:term":[{"taxonomy":"category","embeddable":true,"href":"https:\/\/archive.sana.sy\/es\/index.php?rest_route=%2Fwp%2Fv2%2Fcategories&post=32217"},{"taxonomy":"post_tag","embeddable":true,"href":"https:\/\/archive.sana.sy\/es\/index.php?rest_route=%2Fwp%2Fv2%2Ftags&post=32217"}],"curies":[{"name":"wp","href":"https:\/\/api.w.org\/{rel}","templated":true}]}}