{"id":322198,"date":"2024-02-14T08:17:20","date_gmt":"2024-02-14T05:17:20","guid":{"rendered":"https:\/\/sana.sy\/es\/?p=322198"},"modified":"2024-02-14T08:18:06","modified_gmt":"2024-02-14T05:18:06","slug":"periodistas-arabes-condenan-crimenes-israelies-contra-comunicadores-palestinos-en-gaza","status":"publish","type":"post","link":"https:\/\/archive.sana.sy\/es\/?p=322198","title":{"rendered":"Periodistas \u00c1rabes condenan cr\u00edmenes israel\u00edes contra comunicadores palestinos en Gaza"},"content":{"rendered":"<p style=\"text-align: justify;\"><span style=\"color: #800000;\"><strong>Jerusal\u00e9n ocupada, 14 feb (SANA)\u00a0<\/strong><\/span> La Uni\u00f3n General de Periodistas \u00c1rabes conden\u00f3 los cr\u00edmenes del ocupante israel\u00ed contra los periodistas palestinos en la Franja de Gaza, y consider\u00f3 que los mismos violan la Ley Internacional y los derechos humanos.<\/p>\n<p style=\"text-align: justify;\">En una declaraci\u00f3n, la Uni\u00f3n se refiri\u00f3 al m\u00e1s reciente crimen de atacar a dos periodistas y provocarles graves heridas, y expres\u00f3 su plena solidaridad con los periodistas y con el pueblo palestino en la Franja de Gaza.<\/p>\n<p style=\"text-align: justify;\">Pidi\u00f3 a todas las organizaciones internacionales y de derechos humanos y a las Naciones Unidas que condenen estos cr\u00edmenes injustificados y tomen las medidas necesarias para proteger a los comunicadores y al pueblo palestino.<\/p>\n<p style=\"text-align: justify;\">La Oficina de Prensa en Gaza confirm\u00f3 la muerte de 126 periodistas desde el comienzo de la agresi\u00f3n sionista en la Franja de Gaza el 7 de octubre, adem\u00e1s del arresto de 10 comunicadores.<\/p>\n<p style=\"text-align: justify;\">Estos ataques, seg\u00fan denunci\u00f3, pretenden intimidar a los periodistas e impedirles de transmitir la verdad de lo que ocurre en Gaza de cr\u00edmenes israel\u00edes.<\/p>\n<p style=\"text-align: justify;\"><strong>fm\/ws<\/strong><\/p>\n","protected":false},"excerpt":{"rendered":"<p>Jerusal\u00e9n ocupada, 14 feb (SANA)\u00a0 La Uni\u00f3n General de Periodistas \u00c1rabes conden\u00f3 los cr\u00edmenes del ocupante israel\u00ed contra los periodistas palestinos en la Franja de Gaza, y consider\u00f3 que los mismos violan la Ley Internacional y los derechos humanos. En una declaraci\u00f3n, la Uni\u00f3n se refiri\u00f3 al m\u00e1s reciente crimen de atacar a dos periodistas &hellip;<\/p>\n","protected":false},"author":35,"featured_media":322199,"comment_status":"closed","ping_status":"closed","sticky":false,"template":"","format":"standard","meta":{"footnotes":""},"categories":[597,456,16687,20724,7541],"tags":[],"class_list":["post-322198","post","type-post","status-publish","format-standard","has-post-thumbnail","","category-cinta-de-noticias","category-arabe-internacional-politica","category-internacionales","category-minuto-a-minuto","category-ultimas-noticias"],"_links":{"self":[{"href":"https:\/\/archive.sana.sy\/es\/index.php?rest_route=\/wp\/v2\/posts\/322198"}],"collection":[{"href":"https:\/\/archive.sana.sy\/es\/index.php?rest_route=\/wp\/v2\/posts"}],"about":[{"href":"https:\/\/archive.sana.sy\/es\/index.php?rest_route=\/wp\/v2\/types\/post"}],"author":[{"embeddable":true,"href":"https:\/\/archive.sana.sy\/es\/index.php?rest_route=\/wp\/v2\/users\/35"}],"replies":[{"embeddable":true,"href":"https:\/\/archive.sana.sy\/es\/index.php?rest_route=%2Fwp%2Fv2%2Fcomments&post=322198"}],"version-history":[{"count":1,"href":"https:\/\/archive.sana.sy\/es\/index.php?rest_route=\/wp\/v2\/posts\/322198\/revisions"}],"predecessor-version":[{"id":322200,"href":"https:\/\/archive.sana.sy\/es\/index.php?rest_route=\/wp\/v2\/posts\/322198\/revisions\/322200"}],"wp:featuredmedia":[{"embeddable":true,"href":"https:\/\/archive.sana.sy\/es\/index.php?rest_route=\/wp\/v2\/media\/322199"}],"wp:attachment":[{"href":"https:\/\/archive.sana.sy\/es\/index.php?rest_route=%2Fwp%2Fv2%2Fmedia&parent=322198"}],"wp:term":[{"taxonomy":"category","embeddable":true,"href":"https:\/\/archive.sana.sy\/es\/index.php?rest_route=%2Fwp%2Fv2%2Fcategories&post=322198"},{"taxonomy":"post_tag","embeddable":true,"href":"https:\/\/archive.sana.sy\/es\/index.php?rest_route=%2Fwp%2Fv2%2Ftags&post=322198"}],"curies":[{"name":"wp","href":"https:\/\/api.w.org\/{rel}","templated":true}]}}