{"id":322201,"date":"2024-02-14T08:22:51","date_gmt":"2024-02-14T05:22:51","guid":{"rendered":"https:\/\/sana.sy\/es\/?p=322201"},"modified":"2024-02-14T09:18:42","modified_gmt":"2024-02-14T06:18:42","slug":"siria-pide-a-paises-desarrollados-ayudar-a-los-paises-en-desarrollo-a-mitigar-los-efectos-del-cambio-climatico","status":"publish","type":"post","link":"https:\/\/archive.sana.sy\/es\/?p=322201","title":{"rendered":"Siria pide a pa\u00edses desarrollados ayudar a los pa\u00edses en desarrollo a mitigar los efectos del cambio clim\u00e1tico"},"content":{"rendered":"<blockquote>\n<p style=\"text-align: justify;\"><span style=\"color: #800000;\">Siria sufre como otros pa\u00edses, del cambio clim\u00e1tico, que ha provocado una disminuci\u00f3n de las precipitaciones, un aumento de la sequ\u00eda, la desertificaci\u00f3n y las tormentas de arena, lo que ha tenido repercusiones negativas en la vida de los sirios y en su capacidad de satisfacer sus necesidades b\u00e1sicas, en particular el agua y los alimentos.<\/span><\/p>\n<\/blockquote>\n<p style=\"text-align: justify;\"><span style=\"color: #800000;\"><strong>Nueva York, 14 feb (SANA)\u00a0<\/strong> <\/span>\u00a0El representante permanente de Siria ante las Naciones Unidas, el embajador Qusay Al-Dahhak, destac\u00f3 la necesidad de fortalecer la cooperaci\u00f3n internacional en el campo de la acci\u00f3n clim\u00e1tica y llam\u00f3 a los pa\u00edses desarrollados a asumir sus responsabilidades y obligaciones en la prestaci\u00f3n de la asistencia necesaria a los pa\u00edses en desarrollo para mitigar los efectos catastr\u00f3ficos del cambio clim\u00e1tico.<\/p>\n<p style=\"text-align: justify;\">Esta postura del diplom\u00e1tico sirio fue manifestada en su intervenci\u00f3n en una sesi\u00f3n de di\u00e1logo abierto de alto nivel del Consejo de Seguridad sobre \u201cel impacto del cambio clim\u00e1tico y la inseguridad alimentaria en el mantenimiento de la paz y la seguridad internacionales\u201d.<\/p>\n<p style=\"text-align: justify;\">Denunci\u00f3 que las medidas coercitivas unilaterales impuestas por Estados Unidos y la Uni\u00f3n Europea al pueblo sirio obstaculizan la labor humanitaria y de socorro, e impiden el suministro de maquinaria pesada, equipos de protecci\u00f3n civil y suministros m\u00e9dicos b\u00e1sicos y materiales necesarios para rescatar a las v\u00edctimas.<\/p>\n<p style=\"text-align: justify;\">Al-Dahak aclar\u00f3 que tales sanciones privan a todos los sirios de sus necesidades b\u00e1sicas, como la electricidad y el combustible.<\/p>\n<p style=\"text-align: justify;\">Explic\u00f3 que Siria sufre como otros pa\u00edses, del cambio clim\u00e1tico, que ha provocado una disminuci\u00f3n de las precipitaciones, un aumento de la sequ\u00eda, la desertificaci\u00f3n y las tormentas de arena, lo que ha tenido repercusiones negativas en la vida de los sirios y en su capacidad de satisfacer sus necesidades b\u00e1sicas, en particular el agua y los alimentos.<\/p>\n<p style=\"text-align: justify;\">\u201cLa guerra terrorista, los ataques de la llamada \u201cCoalici\u00f3n Internacional\u201d y los cr\u00edmenes de sus lacayos de milicias separatistas y terroristas dejaron graves da\u00f1os ambientales, al tomar y quemar oleoductos y pozos en el noreste de Siria y extraer y refinar el petr\u00f3leo de manera primitiva, sin mencionar la quema de \u00e1reas, vastos bosques y tierras de cultivo\u201d, aclar\u00f3.<\/p>\n<p style=\"text-align: justify;\">Al-Dahhak se\u00f1al\u00f3 que las pr\u00e1cticas del gobierno turco exacerbaron el sufrimiento del pueblo sirio como resultado de su violaci\u00f3n de sus obligaciones internacionales y acuerdos bilaterales y su reducci\u00f3n del caudal de agua del r\u00edo \u00c9ufrates, lo que perjudic\u00f3 a unos 5 millones de sirios que dependen de esa agua para su vida diaria.<\/p>\n<p style=\"text-align: justify;\">Afirm\u00f3 que la continua ocupaci\u00f3n israel\u00ed de tierras \u00e1rabes, incluido el Gol\u00e1n sirio, tiene graves consecuencias para el medio ambiente, como resultado de la tala de \u00e1rboles frutales, el entierro de desechos peligrosos y el uso de armas prohibidas internacionalmente, incluido el f\u00f3sforo blanco.<\/p>\n<p><strong>fm\/ws<\/strong><\/p>\n","protected":false},"excerpt":{"rendered":"<p>Siria sufre como otros pa\u00edses, del cambio clim\u00e1tico, que ha provocado una disminuci\u00f3n de las precipitaciones, un aumento de la sequ\u00eda, la desertificaci\u00f3n y las tormentas de arena, lo que ha tenido repercusiones negativas en la vida de los sirios y en su capacidad de satisfacer sus necesidades b\u00e1sicas, en particular el agua y los &hellip;<\/p>\n","protected":false},"author":35,"featured_media":322210,"comment_status":"closed","ping_status":"closed","sticky":false,"template":"","format":"standard","meta":{"footnotes":""},"categories":[447,477,597,20724,467,583],"tags":[],"class_list":["post-322201","post","type-post","status-publish","format-standard","has-post-thumbnail","","category-local-politica","category-noticias-edulcorantes","category-cinta-de-noticias","category-minuto-a-minuto","category-siria-y-el-mundo","category-slide"],"_links":{"self":[{"href":"https:\/\/archive.sana.sy\/es\/index.php?rest_route=\/wp\/v2\/posts\/322201"}],"collection":[{"href":"https:\/\/archive.sana.sy\/es\/index.php?rest_route=\/wp\/v2\/posts"}],"about":[{"href":"https:\/\/archive.sana.sy\/es\/index.php?rest_route=\/wp\/v2\/types\/post"}],"author":[{"embeddable":true,"href":"https:\/\/archive.sana.sy\/es\/index.php?rest_route=\/wp\/v2\/users\/35"}],"replies":[{"embeddable":true,"href":"https:\/\/archive.sana.sy\/es\/index.php?rest_route=%2Fwp%2Fv2%2Fcomments&post=322201"}],"version-history":[{"count":3,"href":"https:\/\/archive.sana.sy\/es\/index.php?rest_route=\/wp\/v2\/posts\/322201\/revisions"}],"predecessor-version":[{"id":322205,"href":"https:\/\/archive.sana.sy\/es\/index.php?rest_route=\/wp\/v2\/posts\/322201\/revisions\/322205"}],"wp:featuredmedia":[{"embeddable":true,"href":"https:\/\/archive.sana.sy\/es\/index.php?rest_route=\/wp\/v2\/media\/322210"}],"wp:attachment":[{"href":"https:\/\/archive.sana.sy\/es\/index.php?rest_route=%2Fwp%2Fv2%2Fmedia&parent=322201"}],"wp:term":[{"taxonomy":"category","embeddable":true,"href":"https:\/\/archive.sana.sy\/es\/index.php?rest_route=%2Fwp%2Fv2%2Fcategories&post=322201"},{"taxonomy":"post_tag","embeddable":true,"href":"https:\/\/archive.sana.sy\/es\/index.php?rest_route=%2Fwp%2Fv2%2Ftags&post=322201"}],"curies":[{"name":"wp","href":"https:\/\/api.w.org\/{rel}","templated":true}]}}