{"id":322206,"date":"2024-02-14T08:53:35","date_gmt":"2024-02-14T05:53:35","guid":{"rendered":"https:\/\/sana.sy\/es\/?p=322206"},"modified":"2024-02-14T08:55:05","modified_gmt":"2024-02-14T05:55:05","slug":"protesta-en-chile-contra-el-genocidio-israeli-a-palestina","status":"publish","type":"post","link":"https:\/\/archive.sana.sy\/es\/?p=322206","title":{"rendered":"Protesta en Chile contra el genocidio israel\u00ed a Palestina"},"content":{"rendered":"<blockquote>\n<p style=\"text-align: justify;\"><span style=\"color: #800000;\">\u201cA cerrar, a cerrar, la embajada criminal\u201d, era una de las consignas coreadas por los participantes en la demostraci\u00f3n.<\/span><\/p>\n<\/blockquote>\n<p style=\"text-align: justify;\"><span style=\"color: #800000;\"><strong>Santiago de Chile, 14 feb (SANA)\u00a0<\/strong> <\/span>Cientos de personas participaron en una concentraci\u00f3n en la comuna chilena de Providencia para exigir el cese del genocidio israel\u00ed contra el pueblo palestino.<\/p>\n<p style=\"text-align: justify;\">Convocados por la Coordinadora por Palestina, los manifestantes pidieron al gobierno de Chile romper relaciones con Israel y expulsar al embajador sionista.<\/p>\n<p style=\"text-align: justify;\">\u201cA cerrar, a cerrar, la embajada criminal\u201d, era una de las consignas coreadas por los participantes en la demostraci\u00f3n.<\/p>\n<p style=\"text-align: justify;\">\u201cIsrael est\u00e1 llevando a cabo una matanza contra desplazados y refugiados en Rafah. Chile debe romper relaciones con Israel para no convertirse en c\u00f3mplice de este genocidio\u201d, escribi\u00f3 en su cuenta de Twitter el alcalde de la comuna de Recoleta, Daniel Jadue.<\/p>\n<p style=\"text-align: justify;\">Mientras, Aya Al Hamidi, refugiada en este pa\u00eds, denunci\u00f3 que el genocidio no comenz\u00f3 el 7 de octubre, sino desde 1948, a\u00f1o en que se cre\u00f3 el Estado de Israel y los palestinos fueron expulsados de su territorio.<\/p>\n<p style=\"text-align: justify;\">La cifra total de v\u00edctimas durante 130 d\u00eda de agresi\u00f3n contra Gaza aument\u00f3 a 28.473 muertos y 68.146 heridos, mientras miles de palestinos todav\u00eda se encuentran bajo los escombros y en las carreteras, ya que el ocupante impide que las ambulancias y los equipos de defensa<\/p>\n<p style=\"text-align: justify;\"><strong>fm\/ws<\/strong><\/p>\n","protected":false},"excerpt":{"rendered":"<p>\u201cA cerrar, a cerrar, la embajada criminal\u201d, era una de las consignas coreadas por los participantes en la demostraci\u00f3n. Santiago de Chile, 14 feb (SANA)\u00a0 Cientos de personas participaron en una concentraci\u00f3n en la comuna chilena de Providencia para exigir el cese del genocidio israel\u00ed contra el pueblo palestino. Convocados por la Coordinadora por Palestina, &hellip;<\/p>\n","protected":false},"author":35,"featured_media":322208,"comment_status":"closed","ping_status":"closed","sticky":false,"template":"","format":"standard","meta":{"footnotes":""},"categories":[597,456,16687,20724,7541],"tags":[],"class_list":["post-322206","post","type-post","status-publish","format-standard","has-post-thumbnail","","category-cinta-de-noticias","category-arabe-internacional-politica","category-internacionales","category-minuto-a-minuto","category-ultimas-noticias"],"_links":{"self":[{"href":"https:\/\/archive.sana.sy\/es\/index.php?rest_route=\/wp\/v2\/posts\/322206"}],"collection":[{"href":"https:\/\/archive.sana.sy\/es\/index.php?rest_route=\/wp\/v2\/posts"}],"about":[{"href":"https:\/\/archive.sana.sy\/es\/index.php?rest_route=\/wp\/v2\/types\/post"}],"author":[{"embeddable":true,"href":"https:\/\/archive.sana.sy\/es\/index.php?rest_route=\/wp\/v2\/users\/35"}],"replies":[{"embeddable":true,"href":"https:\/\/archive.sana.sy\/es\/index.php?rest_route=%2Fwp%2Fv2%2Fcomments&post=322206"}],"version-history":[{"count":1,"href":"https:\/\/archive.sana.sy\/es\/index.php?rest_route=\/wp\/v2\/posts\/322206\/revisions"}],"predecessor-version":[{"id":322207,"href":"https:\/\/archive.sana.sy\/es\/index.php?rest_route=\/wp\/v2\/posts\/322206\/revisions\/322207"}],"wp:featuredmedia":[{"embeddable":true,"href":"https:\/\/archive.sana.sy\/es\/index.php?rest_route=\/wp\/v2\/media\/322208"}],"wp:attachment":[{"href":"https:\/\/archive.sana.sy\/es\/index.php?rest_route=%2Fwp%2Fv2%2Fmedia&parent=322206"}],"wp:term":[{"taxonomy":"category","embeddable":true,"href":"https:\/\/archive.sana.sy\/es\/index.php?rest_route=%2Fwp%2Fv2%2Fcategories&post=322206"},{"taxonomy":"post_tag","embeddable":true,"href":"https:\/\/archive.sana.sy\/es\/index.php?rest_route=%2Fwp%2Fv2%2Ftags&post=322206"}],"curies":[{"name":"wp","href":"https:\/\/api.w.org\/{rel}","templated":true}]}}