{"id":322214,"date":"2024-02-14T10:54:39","date_gmt":"2024-02-14T07:54:39","guid":{"rendered":"https:\/\/sana.sy\/es\/?p=322214"},"modified":"2024-02-14T19:54:21","modified_gmt":"2024-02-14T16:54:21","slug":"mueren-varios-palestinos-en-nueva-jornada-de-agresion-israeli","status":"publish","type":"post","link":"https:\/\/archive.sana.sy\/es\/?p=322214","title":{"rendered":"Mueren varios palestinos en nueva jornada de agresi\u00f3n israel\u00ed"},"content":{"rendered":"<p style=\"text-align: justify\"><span style=\"color: #800000\"><strong>Jerusal\u00e9n ocupada, 14 feb (SANA) <\/strong><\/span>Varios palestinos perdieron la vida y otros resultaron heridos por bombardeos israel\u00edes contra varias zonas de la Franja de Gaza.<\/p>\n<p style=\"text-align: justify\">Los medios palestinos informaron que los aviones de combate israel\u00edes bombardearon un autom\u00f3vil en la calle Al-Jalaa, al norte de la ciudad de Gaza, lo que caus\u00f3 la muerte de seis palestinos.<\/p>\n<p style=\"text-align: justify\">Asimismo, tres palestinos fueron asesinados y otros resultaron heridos por balas de francotiradores del ocupante israel\u00ed dentro del Complejo M\u00e9dico Nasser en la ciudad de Khan Yunis, al sur de la Franja de Gaza.<\/p>\n<p style=\"text-align: justify\">La artiller\u00eda del ej\u00e9rcito israel\u00ed bombarde\u00f3 Deir al-Balah y Nuseirat en el centro de Gaza y la zona de Qarara en el sur, matando a varios palestinos e hiriendo a otros.<\/p>\n<p style=\"text-align: justify\">El ej\u00e9rcito ocupante israel\u00ed cometi\u00f3 12 masacres contra familias palestinas en Gaza, durante las \u00faltimas 24 horas, cobr\u00e1ndose la vida de 133 palestinos e hiriendo a otros 162, elevando el n\u00famero de v\u00edctimas de la actual agresi\u00f3n israel\u00ed en la Franja de Gaza ,a 28.473 muertos y 68.146 heridos.<\/p>\n<p style=\"text-align: justify\">as\/fm<\/p>\n","protected":false},"excerpt":{"rendered":"<p>Jerusal\u00e9n ocupada, 14 feb (SANA) Varios palestinos perdieron la vida y otros resultaron heridos por bombardeos israel\u00edes contra varias zonas de la Franja de Gaza. Los medios palestinos informaron que los aviones de combate israel\u00edes bombardearon un autom\u00f3vil en la calle Al-Jalaa, al norte de la ciudad de Gaza, lo que caus\u00f3 la muerte de &hellip;<\/p>\n","protected":false},"author":42,"featured_media":322215,"comment_status":"closed","ping_status":"closed","sticky":false,"template":"","format":"standard","meta":{"footnotes":""},"categories":[597,456,16687,20724,7541],"tags":[],"class_list":["post-322214","post","type-post","status-publish","format-standard","has-post-thumbnail","","category-cinta-de-noticias","category-arabe-internacional-politica","category-internacionales","category-minuto-a-minuto","category-ultimas-noticias"],"_links":{"self":[{"href":"https:\/\/archive.sana.sy\/es\/index.php?rest_route=\/wp\/v2\/posts\/322214"}],"collection":[{"href":"https:\/\/archive.sana.sy\/es\/index.php?rest_route=\/wp\/v2\/posts"}],"about":[{"href":"https:\/\/archive.sana.sy\/es\/index.php?rest_route=\/wp\/v2\/types\/post"}],"author":[{"embeddable":true,"href":"https:\/\/archive.sana.sy\/es\/index.php?rest_route=\/wp\/v2\/users\/42"}],"replies":[{"embeddable":true,"href":"https:\/\/archive.sana.sy\/es\/index.php?rest_route=%2Fwp%2Fv2%2Fcomments&post=322214"}],"version-history":[{"count":2,"href":"https:\/\/archive.sana.sy\/es\/index.php?rest_route=\/wp\/v2\/posts\/322214\/revisions"}],"predecessor-version":[{"id":322285,"href":"https:\/\/archive.sana.sy\/es\/index.php?rest_route=\/wp\/v2\/posts\/322214\/revisions\/322285"}],"wp:featuredmedia":[{"embeddable":true,"href":"https:\/\/archive.sana.sy\/es\/index.php?rest_route=\/wp\/v2\/media\/322215"}],"wp:attachment":[{"href":"https:\/\/archive.sana.sy\/es\/index.php?rest_route=%2Fwp%2Fv2%2Fmedia&parent=322214"}],"wp:term":[{"taxonomy":"category","embeddable":true,"href":"https:\/\/archive.sana.sy\/es\/index.php?rest_route=%2Fwp%2Fv2%2Fcategories&post=322214"},{"taxonomy":"post_tag","embeddable":true,"href":"https:\/\/archive.sana.sy\/es\/index.php?rest_route=%2Fwp%2Fv2%2Ftags&post=322214"}],"curies":[{"name":"wp","href":"https:\/\/api.w.org\/{rel}","templated":true}]}}