{"id":322219,"date":"2024-02-14T11:59:08","date_gmt":"2024-02-14T08:59:08","guid":{"rendered":"https:\/\/sana.sy\/es\/?p=322219"},"modified":"2024-02-14T11:59:08","modified_gmt":"2024-02-14T08:59:08","slug":"huelga-general-en-el-golan-sirio-ocupado-2","status":"publish","type":"post","link":"https:\/\/archive.sana.sy\/es\/?p=322219","title":{"rendered":"Huelga general en el Gol\u00e1n sirio ocupado"},"content":{"rendered":"<p style=\"text-align: justify;\"><span style=\"color: #800000;\"><strong>Gol\u00e1n sirio ocupado, 14 feb (SANA) <\/strong><\/span>Los pobladores del Gol\u00e1n sirio ocupado comenzaron hoy una huelga con motivo del 42 aniversario de la huelga general que protabonizaron en rechazo a la decisi\u00f3n del ocupante israel\u00ed de anexar el Gol\u00e1n.<\/p>\n<p style=\"text-align: justify;\">Asimismo, los pobladores izaron la bandera nacional en las plazas de las aldeas ocupadas con motivo de este aniversario.<br \/>\nLa huelga anunciada el 14 de febrero de 1982 fue una expresi\u00f3n de resistencia a la nefasta decisi\u00f3n del ocupante israel\u00ed emitida el 14 de diciembre de 1981 de anexar el Gol\u00e1n e imponer las leyes israel\u00edes sobre el mismo.<\/p>\n<p style=\"text-align: justify;\">La huelga comenz\u00f3 con el lema: \u201cPreferimos morir y no aceptar la identidad sionista\u201d y los golaneses afirmaron el apego a su identidad nacional y a la lucha contra las medidas arbitrarias de la ocupaci\u00f3n hasta la liberaci\u00f3n del Gol\u00e1n y su retorno a la patria de Siria.<img loading=\"lazy\" decoding=\"async\" class=\"size-medium wp-image-322221 alignright\" src=\"http:\/\/sana.sy\/es\/wp-content\/uploads\/2024\/02\/photo_2024-02-14_11-03-00-300x169.jpg\" alt=\"\" width=\"300\" height=\"169\" srcset=\"https:\/\/archive.sana.sy\/es\/wp-content\/uploads\/2024\/02\/photo_2024-02-14_11-03-00-300x169.jpg 300w, https:\/\/archive.sana.sy\/es\/wp-content\/uploads\/2024\/02\/photo_2024-02-14_11-03-00-150x85.jpg 150w, https:\/\/archive.sana.sy\/es\/wp-content\/uploads\/2024\/02\/photo_2024-02-14_11-03-00.jpg 660w\" sizes=\"(max-width: 300px) 100vw, 300px\" \/><\/p>\n<p style=\"text-align: justify;\">Cabe resaltar que el 14 de diciembre de 1981 el Knesset israel\u00ed aprob\u00f3 la llamada \u201cLey del Gol\u00e1n\u201d que lo anexiona, pues en base de esa ley ha sido \u201cimpuesta la ley, jurisdicci\u00f3n y administraci\u00f3n israel\u00edes sobre el Gol\u00e1n\u201d, sin embargo el Consejo de Seguridad Internacional reaccion\u00f3 r\u00e1pidamente a la medida israel\u00ed y adopt\u00f3 la resoluci\u00f3n 497 fechada en el 17 de diciembre de 1981 que considera la decisi\u00f3n israel\u00ed de anexarse el Gol\u00e1n nula y sin efecto jur\u00eddico alguno a nivel internacional.<\/p>\n<p style=\"text-align: justify;\">El Consejo exigi\u00f3 anular la decisi\u00f3n de inmediato. Igualmente han sido emitidas decenas de resoluciones por parte de la Asamblea General y el Consejo de Derechos Humanos, las cuales confirman la nulidad de la decisi\u00f3n de anexi\u00f3n del Gol\u00e1n y exigen a Israel poner fin a su ocupaci\u00f3n, no obstante Israel como de costumbre no acat\u00f3 ninguna de aquellas resoluciones como ha cumplido con ninguna otra resoluci\u00f3n relacionada con el conflicto \u00e1rabe-israel\u00ed debido a la protecci\u00f3n de algunas potencias a Israel contrariamente al derecho internacional humanitario y la Carta de las Naciones Unidas.<\/p>\n<p style=\"text-align: justify;\">Israel ocup\u00f3 el Gol\u00e1n durante su agresi\u00f3n contra los pa\u00edses \u00e1rabes el 5 de junio de 1967, y trabaj\u00f3 desde el primer d\u00eda a cambiar sus caracter\u00edsticas geogr\u00e1ficas y demogr\u00e1ficas, mediante la destrucci\u00f3n de poblados y granjas, la creaci\u00f3n de asentamientos, el desplazamiento de la poblaci\u00f3n aut\u00f3ctona y la manipulaci\u00f3n de los vestigios arqueol\u00f3gicos.<\/p>\n<p style=\"text-align: justify;\">fm\/as<\/p>\n","protected":false},"excerpt":{"rendered":"<p>Gol\u00e1n sirio ocupado, 14 feb (SANA) Los pobladores del Gol\u00e1n sirio ocupado comenzaron hoy una huelga con motivo del 42 aniversario de la huelga general que protabonizaron en rechazo a la decisi\u00f3n del ocupante israel\u00ed de anexar el Gol\u00e1n. Asimismo, los pobladores izaron la bandera nacional en las plazas de las aldeas ocupadas con motivo &hellip;<\/p>\n","protected":false},"author":42,"featured_media":322224,"comment_status":"closed","ping_status":"closed","sticky":false,"template":"","format":"standard","meta":{"footnotes":""},"categories":[597,20724,476,16688,583],"tags":[],"class_list":["post-322219","post","type-post","status-publish","format-standard","has-post-thumbnail","","category-cinta-de-noticias","category-minuto-a-minuto","category-locales","category-nacionales","category-slide"],"_links":{"self":[{"href":"https:\/\/archive.sana.sy\/es\/index.php?rest_route=\/wp\/v2\/posts\/322219"}],"collection":[{"href":"https:\/\/archive.sana.sy\/es\/index.php?rest_route=\/wp\/v2\/posts"}],"about":[{"href":"https:\/\/archive.sana.sy\/es\/index.php?rest_route=\/wp\/v2\/types\/post"}],"author":[{"embeddable":true,"href":"https:\/\/archive.sana.sy\/es\/index.php?rest_route=\/wp\/v2\/users\/42"}],"replies":[{"embeddable":true,"href":"https:\/\/archive.sana.sy\/es\/index.php?rest_route=%2Fwp%2Fv2%2Fcomments&post=322219"}],"version-history":[{"count":1,"href":"https:\/\/archive.sana.sy\/es\/index.php?rest_route=\/wp\/v2\/posts\/322219\/revisions"}],"predecessor-version":[{"id":322225,"href":"https:\/\/archive.sana.sy\/es\/index.php?rest_route=\/wp\/v2\/posts\/322219\/revisions\/322225"}],"wp:featuredmedia":[{"embeddable":true,"href":"https:\/\/archive.sana.sy\/es\/index.php?rest_route=\/wp\/v2\/media\/322224"}],"wp:attachment":[{"href":"https:\/\/archive.sana.sy\/es\/index.php?rest_route=%2Fwp%2Fv2%2Fmedia&parent=322219"}],"wp:term":[{"taxonomy":"category","embeddable":true,"href":"https:\/\/archive.sana.sy\/es\/index.php?rest_route=%2Fwp%2Fv2%2Fcategories&post=322219"},{"taxonomy":"post_tag","embeddable":true,"href":"https:\/\/archive.sana.sy\/es\/index.php?rest_route=%2Fwp%2Fv2%2Ftags&post=322219"}],"curies":[{"name":"wp","href":"https:\/\/api.w.org\/{rel}","templated":true}]}}