{"id":322236,"date":"2024-02-14T13:44:31","date_gmt":"2024-02-14T10:44:31","guid":{"rendered":"https:\/\/sana.sy\/es\/?p=322236"},"modified":"2024-02-14T13:46:40","modified_gmt":"2024-02-14T10:46:40","slug":"la-onu-alerta-que-nadie-en-gaza-tiene-suficiente-comida-y-el-ocupante-destruyo-el-30-por-ciento-de-escuelas","status":"publish","type":"post","link":"https:\/\/archive.sana.sy\/es\/?p=322236","title":{"rendered":"La ONU alerta que nadie en Gaza tiene suficiente comida y el ocupante destruy\u00f3 el 30 por ciento de escuelas"},"content":{"rendered":"<p style=\"text-align: justify;\"><span style=\"color: #800000;\"><strong>Nueva York, 14 feb (SANA)\u00a0<\/strong> <\/span>El secretario general de las Naciones Unidas, Ant\u00f3nio Guterres, expres\u00f3 su profunda preocupaci\u00f3n por la falta de alimentos en la Franja de Gaza donde la ayuda alimentaria llega con cuentagotas debido a las agresiones israel\u00edes contra el enclave costero.<\/p>\n<p style=\"text-align: justify;\">&#8220;En Gaza, nadie tiene lo suficiente para comer&#8221; se\u00f1al\u00f3 Guterres en una reuni\u00f3n del Consejo de Seguridad de la ONU.<br \/>\nAgreg\u00f3 que cuatro de cada cinco personas de las 700.000 personas azotadas por el hambre del mundo habitan esa peque\u00f1a parte de tierra.<\/p>\n<p style=\"text-align: justify;\">Por otra parte, el portavoz del Secretario General de la ONU, St\u00e9phane Dujarric, revel\u00f3 que el 30 por ciento de las escuelas en Gaza han resultado da\u00f1adas o destruidas por las violentas incursiones del ej\u00e9rcito de \u201cIsrael\u201d.<\/p>\n<p style=\"text-align: justify;\">\u201c162 edificios escolares fueron objeto de bombardeos directos, de un total de 563 en Gaza, adem\u00e1s de 26 escuelas que quedaron completamente destruidas\u201d se\u00f1al\u00f3.<\/p>\n<p style=\"text-align: justify;\">La Oficina de Prensa de Gaza inform\u00f3 que el r\u00e9gimen israel\u00ed destruy\u00f3 395 escuelas, universidades e instituciones educativas durante m\u00e1s de cuatro meses de agresiones contra el enclave palestino.<\/p>\n<p style=\"text-align: justify;\"><strong>ws\/fm<\/strong><\/p>\n","protected":false},"excerpt":{"rendered":"<p>Nueva York, 14 feb (SANA)\u00a0 El secretario general de las Naciones Unidas, Ant\u00f3nio Guterres, expres\u00f3 su profunda preocupaci\u00f3n por la falta de alimentos en la Franja de Gaza donde la ayuda alimentaria llega con cuentagotas debido a las agresiones israel\u00edes contra el enclave costero. &#8220;En Gaza, nadie tiene lo suficiente para comer&#8221; se\u00f1al\u00f3 Guterres en &hellip;<\/p>\n","protected":false},"author":35,"featured_media":322237,"comment_status":"closed","ping_status":"closed","sticky":false,"template":"","format":"standard","meta":{"footnotes":""},"categories":[597,456,16687,20724,7541],"tags":[],"class_list":["post-322236","post","type-post","status-publish","format-standard","has-post-thumbnail","","category-cinta-de-noticias","category-arabe-internacional-politica","category-internacionales","category-minuto-a-minuto","category-ultimas-noticias"],"_links":{"self":[{"href":"https:\/\/archive.sana.sy\/es\/index.php?rest_route=\/wp\/v2\/posts\/322236"}],"collection":[{"href":"https:\/\/archive.sana.sy\/es\/index.php?rest_route=\/wp\/v2\/posts"}],"about":[{"href":"https:\/\/archive.sana.sy\/es\/index.php?rest_route=\/wp\/v2\/types\/post"}],"author":[{"embeddable":true,"href":"https:\/\/archive.sana.sy\/es\/index.php?rest_route=\/wp\/v2\/users\/35"}],"replies":[{"embeddable":true,"href":"https:\/\/archive.sana.sy\/es\/index.php?rest_route=%2Fwp%2Fv2%2Fcomments&post=322236"}],"version-history":[{"count":2,"href":"https:\/\/archive.sana.sy\/es\/index.php?rest_route=\/wp\/v2\/posts\/322236\/revisions"}],"predecessor-version":[{"id":322239,"href":"https:\/\/archive.sana.sy\/es\/index.php?rest_route=\/wp\/v2\/posts\/322236\/revisions\/322239"}],"wp:featuredmedia":[{"embeddable":true,"href":"https:\/\/archive.sana.sy\/es\/index.php?rest_route=\/wp\/v2\/media\/322237"}],"wp:attachment":[{"href":"https:\/\/archive.sana.sy\/es\/index.php?rest_route=%2Fwp%2Fv2%2Fmedia&parent=322236"}],"wp:term":[{"taxonomy":"category","embeddable":true,"href":"https:\/\/archive.sana.sy\/es\/index.php?rest_route=%2Fwp%2Fv2%2Fcategories&post=322236"},{"taxonomy":"post_tag","embeddable":true,"href":"https:\/\/archive.sana.sy\/es\/index.php?rest_route=%2Fwp%2Fv2%2Ftags&post=322236"}],"curies":[{"name":"wp","href":"https:\/\/api.w.org\/{rel}","templated":true}]}}