{"id":322242,"date":"2024-02-14T13:55:31","date_gmt":"2024-02-14T10:55:31","guid":{"rendered":"https:\/\/sana.sy\/es\/?p=322242"},"modified":"2024-02-14T13:55:51","modified_gmt":"2024-02-14T10:55:51","slug":"israel-ataca-el-sur-del-libano-con-bombas-incendiarias","status":"publish","type":"post","link":"https:\/\/archive.sana.sy\/es\/?p=322242","title":{"rendered":"Israel ataca el sur del L\u00edbano con bombas incendiarias"},"content":{"rendered":"<p style=\"text-align: justify;\"><span style=\"color: #800000;\"><strong>Beirut, 14 feb (SANA) <\/strong><\/span>El ej\u00e9rcito israel\u00ed dispar\u00f3 bengalas y bombas incendiarias contra zonas forestales, aldeas y ciudades del sur del L\u00edbano.<\/p>\n<p style=\"text-align: justify;\">La Agencia Nacional Libanesa de Noticias inform\u00f3 que el ej\u00e9rcito israel\u00ed dispar\u00f3 bombas incendiarias que provocaron incendios en los bosques en las afueras de las localidades de Naqura, Jabal Al-Labouneh, Alma al-Shaab y al-Bustan, y da\u00f1aron robles, pinos y olivos.<\/p>\n<p style=\"text-align: justify;\">Por otro lado, los aviones de reconocimiento sobrevolaron las ciudades de Tiro y Bint Jbeil.<\/p>\n<p style=\"text-align: justify;\">as\/fm<\/p>\n","protected":false},"excerpt":{"rendered":"<p>Beirut, 14 feb (SANA) El ej\u00e9rcito israel\u00ed dispar\u00f3 bengalas y bombas incendiarias contra zonas forestales, aldeas y ciudades del sur del L\u00edbano. La Agencia Nacional Libanesa de Noticias inform\u00f3 que el ej\u00e9rcito israel\u00ed dispar\u00f3 bombas incendiarias que provocaron incendios en los bosques en las afueras de las localidades de Naqura, Jabal Al-Labouneh, Alma al-Shaab y &hellip;<\/p>\n","protected":false},"author":42,"featured_media":322243,"comment_status":"closed","ping_status":"closed","sticky":false,"template":"","format":"standard","meta":{"footnotes":""},"categories":[597,456,16687,20724,7541],"tags":[],"class_list":["post-322242","post","type-post","status-publish","format-standard","has-post-thumbnail","","category-cinta-de-noticias","category-arabe-internacional-politica","category-internacionales","category-minuto-a-minuto","category-ultimas-noticias"],"_links":{"self":[{"href":"https:\/\/archive.sana.sy\/es\/index.php?rest_route=\/wp\/v2\/posts\/322242"}],"collection":[{"href":"https:\/\/archive.sana.sy\/es\/index.php?rest_route=\/wp\/v2\/posts"}],"about":[{"href":"https:\/\/archive.sana.sy\/es\/index.php?rest_route=\/wp\/v2\/types\/post"}],"author":[{"embeddable":true,"href":"https:\/\/archive.sana.sy\/es\/index.php?rest_route=\/wp\/v2\/users\/42"}],"replies":[{"embeddable":true,"href":"https:\/\/archive.sana.sy\/es\/index.php?rest_route=%2Fwp%2Fv2%2Fcomments&post=322242"}],"version-history":[{"count":2,"href":"https:\/\/archive.sana.sy\/es\/index.php?rest_route=\/wp\/v2\/posts\/322242\/revisions"}],"predecessor-version":[{"id":322245,"href":"https:\/\/archive.sana.sy\/es\/index.php?rest_route=\/wp\/v2\/posts\/322242\/revisions\/322245"}],"wp:featuredmedia":[{"embeddable":true,"href":"https:\/\/archive.sana.sy\/es\/index.php?rest_route=\/wp\/v2\/media\/322243"}],"wp:attachment":[{"href":"https:\/\/archive.sana.sy\/es\/index.php?rest_route=%2Fwp%2Fv2%2Fmedia&parent=322242"}],"wp:term":[{"taxonomy":"category","embeddable":true,"href":"https:\/\/archive.sana.sy\/es\/index.php?rest_route=%2Fwp%2Fv2%2Fcategories&post=322242"},{"taxonomy":"post_tag","embeddable":true,"href":"https:\/\/archive.sana.sy\/es\/index.php?rest_route=%2Fwp%2Fv2%2Ftags&post=322242"}],"curies":[{"name":"wp","href":"https:\/\/api.w.org\/{rel}","templated":true}]}}