{"id":322255,"date":"2024-02-14T15:41:16","date_gmt":"2024-02-14T12:41:16","guid":{"rendered":"https:\/\/sana.sy\/es\/?p=322255"},"modified":"2024-02-15T11:44:44","modified_gmt":"2024-02-15T08:44:44","slug":"israel-asesino-a-103-palestinos-en-el-ultimo-dia-en-gaza","status":"publish","type":"post","link":"https:\/\/archive.sana.sy\/es\/?p=322255","title":{"rendered":"Israel asesin\u00f3 a 103 palestinos en el \u00faltimo d\u00eda en Gaza"},"content":{"rendered":"<p style=\"text-align: justify;\"><span style=\"color: #800000;\"><strong>Jerusal\u00e9n ocupada, 14 feb (SANA)<\/strong> <\/span>El Ministerio de Salud palestino anunci\u00f3 hoy que el ocupante israel\u00ed cometi\u00f3 11 masacres en la Franja de Gaza durante las \u00faltimas 24 horas.<\/p>\n<p style=\"text-align: justify;\">Por medio de un comunicado, el Ministerio indic\u00f3 que las v\u00edctimas durante el \u00faltimo d\u00eda ascendieron a 103 muertos y 145 heridos.<\/p>\n<p style=\"text-align: justify;\">La cifra total de v\u00edctimas durante 131 d\u00eda de agresi\u00f3n contra Gaza aument\u00f3 a 28.576 muertos y 68.291 heridos, mientras miles de palestinos todav\u00eda se encuentran bajo los escombros y en las carreteras, ya que el ocupante impide que las ambulancias y los equipos de defensa civil lleguen hasta ellos, indic\u00f3 el ente de salud.<\/p>\n<p style=\"text-align: justify;\">Por otro lado, aclar\u00f3 que el combustible en los hospitales de Rafah alcanza para solo dos d\u00edas y advirti\u00f3 de los peligros que esto supondr\u00eda para las vidas de los enfermos y heridos.<\/p>\n<p style=\"text-align: justify;\">fm\/as<\/p>\n","protected":false},"excerpt":{"rendered":"<p>Jerusal\u00e9n ocupada, 14 feb (SANA) El Ministerio de Salud palestino anunci\u00f3 hoy que el ocupante israel\u00ed cometi\u00f3 11 masacres en la Franja de Gaza durante las \u00faltimas 24 horas. Por medio de un comunicado, el Ministerio indic\u00f3 que las v\u00edctimas durante el \u00faltimo d\u00eda ascendieron a 103 muertos y 145 heridos. La cifra total de &hellip;<\/p>\n","protected":false},"author":42,"featured_media":322256,"comment_status":"closed","ping_status":"closed","sticky":false,"template":"","format":"standard","meta":{"footnotes":""},"categories":[597,456,16687,20724,7541],"tags":[],"class_list":["post-322255","post","type-post","status-publish","format-standard","has-post-thumbnail","","category-cinta-de-noticias","category-arabe-internacional-politica","category-internacionales","category-minuto-a-minuto","category-ultimas-noticias"],"_links":{"self":[{"href":"https:\/\/archive.sana.sy\/es\/index.php?rest_route=\/wp\/v2\/posts\/322255"}],"collection":[{"href":"https:\/\/archive.sana.sy\/es\/index.php?rest_route=\/wp\/v2\/posts"}],"about":[{"href":"https:\/\/archive.sana.sy\/es\/index.php?rest_route=\/wp\/v2\/types\/post"}],"author":[{"embeddable":true,"href":"https:\/\/archive.sana.sy\/es\/index.php?rest_route=\/wp\/v2\/users\/42"}],"replies":[{"embeddable":true,"href":"https:\/\/archive.sana.sy\/es\/index.php?rest_route=%2Fwp%2Fv2%2Fcomments&post=322255"}],"version-history":[{"count":3,"href":"https:\/\/archive.sana.sy\/es\/index.php?rest_route=\/wp\/v2\/posts\/322255\/revisions"}],"predecessor-version":[{"id":322302,"href":"https:\/\/archive.sana.sy\/es\/index.php?rest_route=\/wp\/v2\/posts\/322255\/revisions\/322302"}],"wp:featuredmedia":[{"embeddable":true,"href":"https:\/\/archive.sana.sy\/es\/index.php?rest_route=\/wp\/v2\/media\/322256"}],"wp:attachment":[{"href":"https:\/\/archive.sana.sy\/es\/index.php?rest_route=%2Fwp%2Fv2%2Fmedia&parent=322255"}],"wp:term":[{"taxonomy":"category","embeddable":true,"href":"https:\/\/archive.sana.sy\/es\/index.php?rest_route=%2Fwp%2Fv2%2Fcategories&post=322255"},{"taxonomy":"post_tag","embeddable":true,"href":"https:\/\/archive.sana.sy\/es\/index.php?rest_route=%2Fwp%2Fv2%2Ftags&post=322255"}],"curies":[{"name":"wp","href":"https:\/\/api.w.org\/{rel}","templated":true}]}}