{"id":322262,"date":"2024-02-14T18:07:06","date_gmt":"2024-02-14T15:07:06","guid":{"rendered":"https:\/\/sana.sy\/es\/?p=322262"},"modified":"2024-02-14T18:12:32","modified_gmt":"2024-02-14T15:12:32","slug":"cuba-sus-relaciones-diplomaticas-con-corea-del-sur","status":"publish","type":"post","link":"https:\/\/archive.sana.sy\/es\/?p=322262","title":{"rendered":"Cuba restablece sus relaciones diplom\u00e1ticas con Corea del Sur"},"content":{"rendered":"<p><span style=\"color: #800000\"><strong>La Habana, 14 feb (SANA)<\/strong> <\/span>Cuba restableci\u00f3 las relaciones diplom\u00e1ticas y consulares con Corea del Sur, inform\u00f3 este mi\u00e9rcoles un comunicado de la Canciller\u00eda del pa\u00eds caribe\u00f1o.<\/p>\n<p>Destac\u00f3 que esto se efectu\u00f3 \u201cmediante un intercambio de Notas Diplom\u00e1ticas efectuado entre las Representaciones Permanentes de ambos pa\u00edses ante las Naciones Unidas, en Nueva York\u201d.<\/p>\n<p>Los lazos entre los dos pa\u00edses se cortaron desde el a\u00f1o 1960, principalmente debido a la alianza hist\u00f3rica, pol\u00edtica e ideol\u00f3gica entre el Gobierno de La Habana y Corea del Norte.<\/p>\n<p>Es de se\u00f1alar que Cuba era hasta ahora el \u00fanico pa\u00eds de Am\u00e9rica Latina con el que Se\u00fal no ten\u00eda relaciones formales.<\/p>\n<p>la<\/p>\n","protected":false},"excerpt":{"rendered":"<p>La Habana, 14 feb (SANA) Cuba restableci\u00f3 las relaciones diplom\u00e1ticas y consulares con Corea del Sur, inform\u00f3 este mi\u00e9rcoles un comunicado de la Canciller\u00eda del pa\u00eds caribe\u00f1o. Destac\u00f3 que esto se efectu\u00f3 \u201cmediante un intercambio de Notas Diplom\u00e1ticas efectuado entre las Representaciones Permanentes de ambos pa\u00edses ante las Naciones Unidas, en Nueva York\u201d. Los lazos &hellip;<\/p>\n","protected":false},"author":24,"featured_media":322263,"comment_status":"closed","ping_status":"closed","sticky":false,"template":"","format":"standard","meta":{"footnotes":""},"categories":[597,456,16687,20724],"tags":[],"class_list":["post-322262","post","type-post","status-publish","format-standard","has-post-thumbnail","","category-cinta-de-noticias","category-arabe-internacional-politica","category-internacionales","category-minuto-a-minuto"],"_links":{"self":[{"href":"https:\/\/archive.sana.sy\/es\/index.php?rest_route=\/wp\/v2\/posts\/322262"}],"collection":[{"href":"https:\/\/archive.sana.sy\/es\/index.php?rest_route=\/wp\/v2\/posts"}],"about":[{"href":"https:\/\/archive.sana.sy\/es\/index.php?rest_route=\/wp\/v2\/types\/post"}],"author":[{"embeddable":true,"href":"https:\/\/archive.sana.sy\/es\/index.php?rest_route=\/wp\/v2\/users\/24"}],"replies":[{"embeddable":true,"href":"https:\/\/archive.sana.sy\/es\/index.php?rest_route=%2Fwp%2Fv2%2Fcomments&post=322262"}],"version-history":[{"count":2,"href":"https:\/\/archive.sana.sy\/es\/index.php?rest_route=\/wp\/v2\/posts\/322262\/revisions"}],"predecessor-version":[{"id":322265,"href":"https:\/\/archive.sana.sy\/es\/index.php?rest_route=\/wp\/v2\/posts\/322262\/revisions\/322265"}],"wp:featuredmedia":[{"embeddable":true,"href":"https:\/\/archive.sana.sy\/es\/index.php?rest_route=\/wp\/v2\/media\/322263"}],"wp:attachment":[{"href":"https:\/\/archive.sana.sy\/es\/index.php?rest_route=%2Fwp%2Fv2%2Fmedia&parent=322262"}],"wp:term":[{"taxonomy":"category","embeddable":true,"href":"https:\/\/archive.sana.sy\/es\/index.php?rest_route=%2Fwp%2Fv2%2Fcategories&post=322262"},{"taxonomy":"post_tag","embeddable":true,"href":"https:\/\/archive.sana.sy\/es\/index.php?rest_route=%2Fwp%2Fv2%2Ftags&post=322262"}],"curies":[{"name":"wp","href":"https:\/\/api.w.org\/{rel}","templated":true}]}}