{"id":322289,"date":"2024-02-15T06:25:24","date_gmt":"2024-02-15T03:25:24","guid":{"rendered":"https:\/\/sana.sy\/es\/?p=322289"},"modified":"2024-02-15T06:25:24","modified_gmt":"2024-02-15T03:25:24","slug":"presidente-cubano-eeuu-es-complice-en-la-guerra-genocida-cometida-por-israel-contra-los-palestinos","status":"publish","type":"post","link":"https:\/\/archive.sana.sy\/es\/?p=322289","title":{"rendered":"Presidente cubano: EEUU es c\u00f3mplice en la guerra genocida cometida por Israel contra los palestinos"},"content":{"rendered":"<p style=\"text-align: justify;\"><span style=\"color: #800000;\"><strong>La Habana, 15 feb (SANA)\u00a0<\/strong> <\/span>El presidente cubano, Miguel D\u00edaz-Canel Berm\u00fadez, denunci\u00f3 los cr\u00edmenes y la guerra de genocidio que comete Israel contra los palestinos con la complicidad de Estados Unidos.<\/p>\n<p style=\"text-align: justify;\">\u201cEstos cr\u00edmenes se cometen sin ninguna reacci\u00f3n de la comunidad internacional respecto a estos actos atroces\u201d, dijo el mandatario en su intervenci\u00f3n en el Segundo Foro Internacional de Publicaciones Te\u00f3ricas de Partidos y Movimientos de Izquierda, celebrado en la capital La Habana, con la participaci\u00f3n de delegaciones de m\u00e1s de 30 pa\u00edses.<\/p>\n<p style=\"text-align: justify;\">Subray\u00f3 la necesidad de aprovechar la tecnolog\u00eda y la ciencia y emplearlas en la lucha contra el imperialismo global y lograr un renacimiento para los pa\u00edses y pueblos.<\/p>\n<p style=\"text-align: justify;\">Agradeci\u00f3 a las delegaciones que respondieron la invitaci\u00f3n extendida por el Partido Comunista de Cuba, y reafirm\u00f3 la fortaleza de los v\u00ednculos fraternales y de cooperaci\u00f3n entre el Partido Comunista de Cuba y los partidos y fuerzas de izquierda en todos los pa\u00edses del mundo.<\/p>\n<p style=\"text-align: justify;\">Es necesario afrontar los desaf\u00edos y las dificultades con la determinaci\u00f3n y la voluntad de superarlos y aprovechar las experiencias pasadas, explic\u00f3 el presidente de la naci\u00f3n caribe\u00f1a.<\/p>\n<p style=\"text-align: justify;\">fm<\/p>\n","protected":false},"excerpt":{"rendered":"<p>La Habana, 15 feb (SANA)\u00a0 El presidente cubano, Miguel D\u00edaz-Canel Berm\u00fadez, denunci\u00f3 los cr\u00edmenes y la guerra de genocidio que comete Israel contra los palestinos con la complicidad de Estados Unidos. \u201cEstos cr\u00edmenes se cometen sin ninguna reacci\u00f3n de la comunidad internacional respecto a estos actos atroces\u201d, dijo el mandatario en su intervenci\u00f3n en el &hellip;<\/p>\n","protected":false},"author":34,"featured_media":322290,"comment_status":"closed","ping_status":"closed","sticky":false,"template":"","format":"standard","meta":{"footnotes":""},"categories":[597,456,20724,7541],"tags":[],"class_list":["post-322289","post","type-post","status-publish","format-standard","has-post-thumbnail","","category-cinta-de-noticias","category-arabe-internacional-politica","category-minuto-a-minuto","category-ultimas-noticias"],"_links":{"self":[{"href":"https:\/\/archive.sana.sy\/es\/index.php?rest_route=\/wp\/v2\/posts\/322289"}],"collection":[{"href":"https:\/\/archive.sana.sy\/es\/index.php?rest_route=\/wp\/v2\/posts"}],"about":[{"href":"https:\/\/archive.sana.sy\/es\/index.php?rest_route=\/wp\/v2\/types\/post"}],"author":[{"embeddable":true,"href":"https:\/\/archive.sana.sy\/es\/index.php?rest_route=\/wp\/v2\/users\/34"}],"replies":[{"embeddable":true,"href":"https:\/\/archive.sana.sy\/es\/index.php?rest_route=%2Fwp%2Fv2%2Fcomments&post=322289"}],"version-history":[{"count":1,"href":"https:\/\/archive.sana.sy\/es\/index.php?rest_route=\/wp\/v2\/posts\/322289\/revisions"}],"predecessor-version":[{"id":322291,"href":"https:\/\/archive.sana.sy\/es\/index.php?rest_route=\/wp\/v2\/posts\/322289\/revisions\/322291"}],"wp:featuredmedia":[{"embeddable":true,"href":"https:\/\/archive.sana.sy\/es\/index.php?rest_route=\/wp\/v2\/media\/322290"}],"wp:attachment":[{"href":"https:\/\/archive.sana.sy\/es\/index.php?rest_route=%2Fwp%2Fv2%2Fmedia&parent=322289"}],"wp:term":[{"taxonomy":"category","embeddable":true,"href":"https:\/\/archive.sana.sy\/es\/index.php?rest_route=%2Fwp%2Fv2%2Fcategories&post=322289"},{"taxonomy":"post_tag","embeddable":true,"href":"https:\/\/archive.sana.sy\/es\/index.php?rest_route=%2Fwp%2Fv2%2Ftags&post=322289"}],"curies":[{"name":"wp","href":"https:\/\/api.w.org\/{rel}","templated":true}]}}